{"id":6082,"date":"2026-04-27T11:19:01","date_gmt":"2026-04-27T03:19:01","guid":{"rendered":"https:\/\/www.reelshort.com\/es\/fandom\/?p=6082"},"modified":"2026-04-27T11:19:45","modified_gmt":"2026-04-27T03:19:45","slug":"la-venganza-alza-el-vuelo-reparto-01-2-c7d988497244","status":"publish","type":"post","link":"https:\/\/www.reelshort.com\/es\/fandom\/la-venganza-alza-el-vuelo-reparto-01-2-c7d988497244\/","title":{"rendered":"La Venganza Alza el Vuelo Reparto \u2013 Un vuelo a Cartagena ser\u00e1 su Peor Pesadilla"},"content":{"rendered":"\n<p>Eva toma un vuelo a Cartagena para asistir a la boda de su hermano Hector, sin imaginar que vivir\u00eda la peor de las pesadillas al incomodar a las personas equivocadas, convirti\u00e9ndose en la v\u00edctima de la maldad de Juana y su hijo.<\/p>\n\n\n\n<p>Para empeorar las cosas,&nbsp; ambos resultan ser parientes de su futura cu\u00f1ada, una mujer fr\u00eda y sin sentimientos que est\u00e1 convencida de que ella es la amante de Hector \u00bfCuando podr\u00e1 resistir Eva entre esas arp\u00edas?<\/p>\n\n\n\n<p>Averigualo en: <a href=\"https:\/\/www.reelshort.com\/es\/movie\/la-venganza-alza-el-vuelo-69c41caef214b44a6f0f479a\">La Venganza Alza el Vuelo Reparto<\/a><\/p>\n\n\n<p><iframe loading=\"lazy\" id=\"reelshort_player\" width=\"600\" height=\"400\" src=\"https:\/\/www.reelshort.com\/es\/embed\/69c41caef214b44a6f0f479a-itlc16m4d9?show_controls=true\" title=\"ReelShort video player\" frameBorder=\"0\" allow=\"accelerometer; autoplay; clipboard-write; encrypted-media; gyroscope; picture-in-picture; web-share\" referrerPolicy=\"strict-origin-when-cross-origin\" allowFullScreen ><\/iframe><\/p>\n\n\n<div class=\"wp-block-buttons is-layout-flex wp-block-buttons-is-layout-flex\">\n<div class=\"wp-block-button\"><a class=\"wp-block-button__link wp-element-button\" href=\"https:\/\/www.reelshort.com\/es\/episodes\/episode-1-la-venganza-alza-el-vuelo-69c41caef214b44a6f0f479a-itlc16m4d9\">Ver Serie Ahora &gt;&gt;<\/a><\/div>\n<\/div>\n\n\n\n<ul class=\"wp-block-list\">\n<li><a href=\"#part1\">Parte 1: Presentamos La Venganza Alza el Vuelo Reparto \u2013 Conoce a los actores principales del elenco<\/a><\/li>\n\n\n\n<li><a href=\"#part2\">Parte 2: Un viaje en Avi\u00f3n: Conoce la trama de La Venganza Alza el Vuelo Completa en Espa\u00f1ol Latino<\/a><\/li>\n\n\n\n<li><a href=\"#part3\">Parte 3: El hijo perdido: \u00bfQu\u00e9 podemos esperar sobre La Venganza Alza el Vuelo pel\u00edcula completa?<\/a><\/li>\n<\/ul>\n\n\n\n<h2 class=\"wp-block-heading\" id=\"part1\">Parte 1: Presentamos La Venganza Alza el Vuelo Reparto \u2013 Conoce a los actores principales del elenco<\/h2>\n\n\n\n<h3 class=\"wp-block-heading\"><a><\/a>Ilenia Antonini como Eva<\/h3>\n\n\n\n<figure class=\"wp-block-image size-full\"><img loading=\"lazy\" decoding=\"async\" width=\"600\" height=\"400\" src=\"https:\/\/www.reelshort.com\/es\/fandom\/wp-content\/uploads\/2026\/04\/La-venganza-alza-el-vuelo-reparto-2.png\" alt=\"La Venganza Alza el Vuelo Dailymotion\" class=\"wp-image-6083\" srcset=\"https:\/\/www.reelshort.com\/es\/fandom\/wp-content\/uploads\/2026\/04\/La-venganza-alza-el-vuelo-reparto-2.png 600w, https:\/\/www.reelshort.com\/es\/fandom\/wp-content\/uploads\/2026\/04\/La-venganza-alza-el-vuelo-reparto-2-300x200.png 300w\" sizes=\"auto, (max-width: 600px) 100vw, 600px\" \/><\/figure>\n\n\n\n<p>La protagonista de esta historia, es encarnada por la talentosa Ilenia Antonini, quien con sus hermosos ojos verdes y su rostro angelical refleja a la perfecci\u00f3n la dulzura de Eva.<\/p>\n\n\n\n<p>Todo comienza cuando Eva toma un vuelo a Cartagena para asistir a la boda de su hermano mayor, con quien tiene tiempo sin verse.<\/p>\n\n\n\n<p>Debido a una lesi\u00f3n en su pierna, reserva dos puestos en el avi\u00f3n para su comodidad, pues sus movimientos est\u00e1n bastante limitados.<\/p>\n\n\n\n<p>Este personaje tiene una enorme carga emocional, porque luego de perder a sus padres ella siente la responsabilidad de continuar con su legado.<\/p>\n\n\n\n<p>Esa es la raz\u00f3n por la que ir a esa boda la emociona tanto, porque tendr\u00e1 la oportunidad de entregar a su futura cu\u00f1ada, el collar que las novias de su familia han usado por generaciones.<\/p>\n\n\n\n<p>Lo que jam\u00e1s pas\u00f3 por su cabeza cuando se subi\u00f3 a ese avi\u00f3n fue que vivir\u00eda la peor de las pesadillas, por culpa de malas personas.<\/p>\n\n\n\n<p>Por estar lesionada, se convierte en la v\u00edctima perfecta de Juana y su hijo, dos seres inescrupulosos y abusivos que la har\u00e1n sufrir un infierno.<\/p>\n\n\n\n<h3 class=\"wp-block-heading\"><a><\/a>Camila Rojas como Clara<\/h3>\n\n\n\n<figure class=\"wp-block-image size-full\"><img loading=\"lazy\" decoding=\"async\" width=\"600\" height=\"400\" src=\"https:\/\/www.reelshort.com\/es\/fandom\/wp-content\/uploads\/2026\/04\/La-venganza-alza-el-vuelo-reparto-3.png\" alt=\"La Venganza Alza el Vuelo completo\" class=\"wp-image-6084\" srcset=\"https:\/\/www.reelshort.com\/es\/fandom\/wp-content\/uploads\/2026\/04\/La-venganza-alza-el-vuelo-reparto-3.png 600w, https:\/\/www.reelshort.com\/es\/fandom\/wp-content\/uploads\/2026\/04\/La-venganza-alza-el-vuelo-reparto-3-300x200.png 300w\" sizes=\"auto, (max-width: 600px) 100vw, 600px\" \/><\/figure>\n\n\n\n<p>La hermosa y despampanante villana de esta historia es interpretada por Camila Rojas, con su imponente presencia logr\u00f3 captar maravillosamente la esencia de su personaje.<\/p>\n\n\n\n<p>Clara, es la prometida de Hector, por lo tanto es la futura cu\u00f1ada a la Eva desea entregarle el collar de su familia, el problema es que esta mujer es despiadada.<\/p>\n\n\n\n<p>Orgullosa de su belleza y encanto, conoce su potencial y el poder que tiene sobre los hombres, pues as\u00ed fue como conquist\u00f3 a su prometido en primer lugar.<\/p>\n\n\n\n<p>Cuando Eva se cruza en el camino de su hermana Juana, autom\u00e1ticamente se convierte en su peor enemiga, especialmente cuando descubre que conoce a Hector.<\/p>\n\n\n\n<p>Lejos de pensar que es la hermana menor de su prometido, est\u00e1 convencida de que es una roba maridos, gastando su dinero.<\/p>\n\n\n\n<p>Llena de maldad y desprecio puro por Eva, le ordena a sus hombres que la desaparezcan despu\u00e9s de darle una lecci\u00f3n.<\/p>\n\n\n\n<p>Para su desgracia, no tiene ni idea que la pobre chica a la que se dedic\u00f3 a atormentar es la adorada hermana peque\u00f1a de su futuro esposo.<\/p>\n\n\n\n<h3 class=\"wp-block-heading\"><a><\/a>Mara Gutierrez como Juana<\/h3>\n\n\n\n<figure class=\"wp-block-image size-full\"><img loading=\"lazy\" decoding=\"async\" width=\"600\" height=\"400\" src=\"https:\/\/www.reelshort.com\/es\/fandom\/wp-content\/uploads\/2026\/04\/La-venganza-alza-el-vuelo-reparto-5.png\" alt=\"La Venganza Alza el Vuelo\" class=\"wp-image-6086\" srcset=\"https:\/\/www.reelshort.com\/es\/fandom\/wp-content\/uploads\/2026\/04\/La-venganza-alza-el-vuelo-reparto-5.png 600w, https:\/\/www.reelshort.com\/es\/fandom\/wp-content\/uploads\/2026\/04\/La-venganza-alza-el-vuelo-reparto-5-300x200.png 300w\" sizes=\"auto, (max-width: 600px) 100vw, 600px\" \/><\/figure>\n\n\n\n<p>La insoportable hermana mayor Clara y arp\u00eda que le hace la vida imposible en el aire a Eva, es interpretada por Mara Gutierrez quien hace una actuaci\u00f3n impecable.<\/p>\n\n\n\n<p>Mara supo reflejar a la perfecci\u00f3n la personalidad insoportable de Juana, una mujer malvada y manipuladora a quien no le importa pasar por encima de los dem\u00e1s por su beneficio.<\/p>\n\n\n\n<p>Por capricho decide convertirse en una torturadora para Eva, por el simple hecho de querer un asiento, desatando su furia contra ella.<\/p>\n\n\n\n<p>Llegando incluso a empeorar sus lesiones, s\u00f3lo por venganza. No cabe duda de que es una mujer despiadada y sin escr\u00fapulos.<\/p>\n\n\n\n<h3 class=\"wp-block-heading\"><a><\/a>Informaci\u00f3n adicional del elenco<\/h3>\n\n\n\n<ul class=\"wp-block-list\">\n<li>Eduardo Per\u00e9z como H\u00e9ctor<\/li>\n\n\n\n<li>Jeronimo Lyenstov<\/li>\n\n\n\n<li>Sebastian Gutierrez como Kevin<\/li>\n\n\n\n<li>Pablo Rodr\u00edguez como David<\/li>\n\n\n\n<li>Jonathan Fierro como Alejandro<\/li>\n<\/ul>\n\n\n\n<div class=\"wp-block-buttons is-layout-flex wp-block-buttons-is-layout-flex\">\n<div class=\"wp-block-button\"><a class=\"wp-block-button__link wp-element-button\" href=\"https:\/\/www.reelshort.com\/es\/episodes\/episode-1-la-venganza-alza-el-vuelo-69c41caef214b44a6f0f479a-itlc16m4d9\">Ver Serie Ahora &gt;&gt;<\/a><\/div>\n<\/div>\n\n\n\n<h2 class=\"wp-block-heading\" id=\"part2\">Parte 2: Un viaje en Avi\u00f3n: Conoce la trama de La Venganza Alza el Vuelo Completa en Espa\u00f1ol Latino<\/h2>\n\n\n\n<h3 class=\"wp-block-heading\"><a><\/a>La tradici\u00f3n<\/h3>\n\n\n\n<figure class=\"wp-block-image size-full\"><img loading=\"lazy\" decoding=\"async\" width=\"600\" height=\"400\" src=\"https:\/\/www.reelshort.com\/es\/fandom\/wp-content\/uploads\/2026\/04\/La-venganza-alza-el-vuelo-reparto-4.png\" alt=\"La Venganza Alza el Vuelo en espa\u00f1ol\" class=\"wp-image-6085\" srcset=\"https:\/\/www.reelshort.com\/es\/fandom\/wp-content\/uploads\/2026\/04\/La-venganza-alza-el-vuelo-reparto-4.png 600w, https:\/\/www.reelshort.com\/es\/fandom\/wp-content\/uploads\/2026\/04\/La-venganza-alza-el-vuelo-reparto-4-300x200.png 300w\" sizes=\"auto, (max-width: 600px) 100vw, 600px\" \/><\/figure>\n\n\n\n<p>En el primer episodio de La Venganza Alza el Vuelo, Eva toma un vuelo a Cartagena para reunirse con su hermana y asistir a su boda.<\/p>\n\n\n\n<p>Entonces, ella le avisa por videollamada que se acaba de instalar en el avi\u00f3n y que tiene muchas ganas de verlo.<\/p>\n\n\n\n<p>Ha pasado un tiempo desde la \u00faltima vez que estuvieron juntos y la emoci\u00f3n por reunirse con su hermano mayor es evidente, m\u00e1s en un d\u00eda tan especial.<\/p>\n\n\n\n<p>Luego de colgar la llamada, Eva piensa en sus padres y abre un cofre con un collar de perlas en su interior, y piensa en su madre quien le habr\u00eda encantado ver a su hijo casarse.<\/p>\n\n\n\n<p>Con ese nudo en la garganta producto de la nostalgia, recuerda que tiene una misi\u00f3n que cumplir relacionada con la joya y con la memoria de sus padres.<\/p>\n\n\n\n<p>Resulta, que durante generaciones las novias de la familia Mendoza, han usado el collar que est\u00e1 en ese cofre y ahora es el turno de la prometida de su hermano.<\/p>\n\n\n\n<p>As\u00ed que Eva con todos esos sentimientos en su coraz\u00f3n, le hace ilusi\u00f3n poder continuar con la tradici\u00f3n familiar y hacerle entrega del objeto a su cu\u00f1ada.<\/p>\n\n\n\n<p>O al menos, ese era su plan. Porque nunca se imagin\u00f3 que las cosas se iban a complicar tanto por subir a ese vuelo comercial.<\/p>\n\n\n\n<h3 class=\"wp-block-heading\"><a><\/a>Deja de molestar<\/h3>\n\n\n\n<figure class=\"wp-block-image size-full\"><img loading=\"lazy\" decoding=\"async\" width=\"600\" height=\"400\" src=\"https:\/\/www.reelshort.com\/es\/fandom\/wp-content\/uploads\/2026\/04\/La-venganza-alza-el-vuelo-reparto-6.png\" alt=\"\u00a0La Venganza Alza el Vuelo completa\" class=\"wp-image-6087\" srcset=\"https:\/\/www.reelshort.com\/es\/fandom\/wp-content\/uploads\/2026\/04\/La-venganza-alza-el-vuelo-reparto-6.png 600w, https:\/\/www.reelshort.com\/es\/fandom\/wp-content\/uploads\/2026\/04\/La-venganza-alza-el-vuelo-reparto-6-300x200.png 300w\" sizes=\"auto, (max-width: 600px) 100vw, 600px\" \/><\/figure>\n\n\n\n<p>Dicen que el mundo es un pa\u00f1uelo y en esta historia eso no parece ser una excepci\u00f3n, porque resulta que al mismo avi\u00f3n tambi\u00e9n subi\u00f3 la hermana de Clara.<\/p>\n\n\n\n<p>Juana es una mujer completamente diferente a Eva, es antip\u00e1tica, maleducada y venenosa, de esas personas que se creen superiores a las dem\u00e1s.<\/p>\n\n\n\n<p>Lo peor es que de ese mismo modo cri\u00f3 a su hijo Ivan, un chico insoportable que est\u00e1 acostumbrado a que se cumplan todos sus deseos de la forma que sea.<\/p>\n\n\n\n<p>Para mala suerte de Eva, este par de personajes ocuparon los asientos a su espalda y a partir de aqu\u00ed es que inicia la aut\u00e9ntica pesadilla para la pobre chica.<\/p>\n\n\n\n<p>Este par de insoportables, no est\u00e1n a gusto con sus asientos y simplemente por capricho deciden ir a molestar a Eva, ella intenta mantener la calma, pero no ser\u00e1 suficiente.<\/p>\n\n\n\n<p>Ellos se dan cuenta que Eva est\u00e1 lesionada de una pierna y la se\u00f1alan de lisiada y le exigen que cambie de asiento con ellos.<\/p>\n\n\n\n<p>Pero, cuando ella intenta explicar de la mejor manera los motivos por los que no puede aceptar su petici\u00f3n, todo se vuelve un caos.<\/p>\n\n\n\n<p>Juana, la toma contra ella y sin mediar palabras se le va encima, haci\u00e9ndole una herida en su pierna lastimada.<\/p>\n\n\n\n<h3 class=\"wp-block-heading\"><a><\/a>Fuertes Turbulencias<\/h3>\n\n\n\n<figure class=\"wp-block-image size-full\"><img loading=\"lazy\" decoding=\"async\" width=\"600\" height=\"400\" src=\"https:\/\/www.reelshort.com\/es\/fandom\/wp-content\/uploads\/2026\/04\/La-venganza-alza-el-vuelo-reparto-7.png\" alt=\"La Venganza Alza el Vuelo dailymotion en espa\u00f1ol\" class=\"wp-image-6088\" srcset=\"https:\/\/www.reelshort.com\/es\/fandom\/wp-content\/uploads\/2026\/04\/La-venganza-alza-el-vuelo-reparto-7.png 600w, https:\/\/www.reelshort.com\/es\/fandom\/wp-content\/uploads\/2026\/04\/La-venganza-alza-el-vuelo-reparto-7-300x200.png 300w\" sizes=\"auto, (max-width: 600px) 100vw, 600px\" \/><\/figure>\n\n\n\n<p>Eva toma un vuelo a Cartagena, y acaba siendo torturada por Juana por lo que parece una eternidad. ante la mirada incr\u00e9dula de los dem\u00e1s pasajeros.<\/p>\n\n\n\n<p>La despiadada mujer no se detuvo hasta que Eva se levant\u00f3 del asiento, apenas pudiendo mantenerse en pie por el dolor en su pierna.<\/p>\n\n\n\n<p>La satisfacci\u00f3n que Juana sinti\u00f3 al lograr su objetivo era visible en su expresi\u00f3n de victoria. De igual manera, Iv\u00e1n se burlaba del estado de Eva y quer\u00eda continuar con el maltrato.<\/p>\n\n\n\n<p>La pobre chica sin saber c\u00f3mo defenderse, intent\u00f3 apartarlo, pero para su mala suerte justo en ese momento, el avi\u00f3n fue golpeado por un terrible turbulencia.<\/p>\n\n\n\n<p>Como consecuencia, Ivan cay\u00f3 al suelo y se golpe\u00f3 la cabeza, quedando inconsciente. Juano no tard\u00f3 ni dos segundos en acusarla de querer matar a su hijo.<\/p>\n\n\n\n<p>Y no solo eso, en un ataque de histeria corri\u00f3 hasta la cabina del piloto. Totalmente fuera de s\u00ed, agarr\u00f3 al piloto de sorpresa y comenz\u00f3 a exigir que regresara el avi\u00f3n.<\/p>\n\n\n\n<p>El auxiliar de vuelo intent\u00f3 apartarla del capit\u00e1n de vuelo, pero no tuvo \u00e9xito. En el forcejeo, Juana comienza a interferir con los controles del avi\u00f3n, provocando una emergencia.<\/p>\n\n\n\n<p>A partir de ese momento, el piloto perdi\u00f3 el control de la aeronave y todos los pasajeros est\u00e1n en grave peligro.<\/p>\n\n\n\n<p>\u00bfSer\u00e1 que podr\u00e1n llegar a salvo al aeropuerto de Medell\u00edn?<\/p>\n\n\n\n<div class=\"wp-block-buttons is-layout-flex wp-block-buttons-is-layout-flex\">\n<div class=\"wp-block-button\"><a class=\"wp-block-button__link wp-element-button\" href=\"https:\/\/www.reelshort.com\/es\/episodes\/episode-1-la-venganza-alza-el-vuelo-69c41caef214b44a6f0f479a-itlc16m4d9\">Ver Serie Ahora &gt;&gt;<\/a><\/div>\n<\/div>\n\n\n\n<h2 class=\"wp-block-heading\" id=\"part3\">Parte 3: El hijo perdido: \u00bfQu\u00e9 podemos esperar sobre La Venganza Alza el Vuelo pel\u00edcula completa?<\/h2>\n\n\n\n<figure class=\"wp-block-image size-full\"><img loading=\"lazy\" decoding=\"async\" width=\"600\" height=\"400\" src=\"https:\/\/www.reelshort.com\/es\/fandom\/wp-content\/uploads\/2026\/04\/La-venganza-alza-el-vuelo-reparto-8.png\" alt=\"La Venganza Alza el Vuelo youtube\" class=\"wp-image-6089\" srcset=\"https:\/\/www.reelshort.com\/es\/fandom\/wp-content\/uploads\/2026\/04\/La-venganza-alza-el-vuelo-reparto-8.png 600w, https:\/\/www.reelshort.com\/es\/fandom\/wp-content\/uploads\/2026\/04\/La-venganza-alza-el-vuelo-reparto-8-300x200.png 300w\" sizes=\"auto, (max-width: 600px) 100vw, 600px\" \/><\/figure>\n\n\n\n<p>La Venganza Alza el Vuelo es una historia con un poderoso impacto visual, su trama es intensa y muestra la parte m\u00e1s despiadada de las personas ambiciosas.<\/p>\n\n\n\n<p>Vemos a una chica dulce como Eva, ser maltratada y torturada por personas horrendas, solo por no querer ceder un asiento.<\/p>\n\n\n\n<p>Claro, esa es solo la punta del iceberg, la verdad es que mujeres como Juana, no necesitan ning\u00fan pretexto para ser desagradables.<\/p>\n\n\n\n<p>Lo interesante de la esta miniserie, es que Clara la hermana poderosa de Juana, le hace la vida imposible a su propia cu\u00f1ada sin saber que es su cu\u00f1ada.<\/p>\n\n\n\n<p>Por una simple foto, asumi\u00f3 que Eva era la amante de Hector e hizo caer todo su poder e influencias sobre ella, con la intenci\u00f3n de traumarla de por vida.<\/p>\n\n\n\n<p>Entonces, la gran expectativa que la serie crea y que desata nuestra curiosidad, es c\u00f3mo va a reaccionar H\u00e9ctor al enterarse de todo el da\u00f1o que su novia le hizo a su hermana.<\/p>\n\n\n\n<p>El \u00fanico familiar que le queda, cabe destacar.<\/p>\n\n\n\n<p>Por otro lado, surge la necesidad con el pasar de los episodios de ver el momento exacto en el que Juana y su hijo reciben su merecido por todo el da\u00f1o que hicieron.<\/p>\n\n\n\n<p>Tambi\u00e9n, es imposible no sentir que el coraz\u00f3n se nos hace papilla al ver todo el dolor y sufrimiento por el que pas\u00f3 Eva, por subir a ese bendito avi\u00f3n.<\/p>\n\n\n\n<p>\u00bfPodr\u00e1n Clara y su familia salir bien librados de esa?<\/p>\n\n\n\n<h3 class=\"wp-block-heading\"><a><\/a>\u00bfD\u00f3nde ver La Venganza Alza el Vuelo Reparto?<\/h3>\n\n\n\n<figure class=\"wp-block-image size-full\"><img loading=\"lazy\" decoding=\"async\" width=\"600\" height=\"400\" src=\"https:\/\/www.reelshort.com\/es\/fandom\/wp-content\/uploads\/2026\/04\/La-venganza-alza-el-vuelo-reparto-9.png\" alt=\"Serie La Venganza Alza el Vuelo\" class=\"wp-image-6090\" srcset=\"https:\/\/www.reelshort.com\/es\/fandom\/wp-content\/uploads\/2026\/04\/La-venganza-alza-el-vuelo-reparto-9.png 600w, https:\/\/www.reelshort.com\/es\/fandom\/wp-content\/uploads\/2026\/04\/La-venganza-alza-el-vuelo-reparto-9-300x200.png 300w\" sizes=\"auto, (max-width: 600px) 100vw, 600px\" \/><\/figure>\n\n\n\n<p><a href=\"https:\/\/www.reelshort.com\/es\/movie\/la-venganza-alza-el-vuelo-69c41caef214b44a6f0f479a\">La Venganza Alza el Vuelo<\/a>, nos regala un drama vertical intenso, cargado de emociones fuertes y sentimientos que traspasan la pantalla.<\/p>\n\n\n\n<p>Entonces, \u00bfD\u00f3nde ver este drama?<\/p>\n\n\n\n<p>La respuesta es muy sencilla, lo encuentras en reelshort en la secci\u00f3n producciones Latinas, obviamente est\u00e1 en espa\u00f1ol y es una producci\u00f3n que no te puedes perder.<\/p>\n\n\n\n<p>Y si quieres disfrutar de m\u00e1s historias como esta, no lo pienses m\u00e1s y descarga la aplicaci\u00f3n de <a href=\"https:\/\/www.reelshort.com\/es\/movie-genres\/all-movies\">ReelShort<\/a> en tu celular o haz clic en el enlace.<\/p>\n\n\n\n<p>\u00a1Nos Vemos!<\/p>\n\n\n\n<div class=\"wp-block-buttons is-layout-flex wp-block-buttons-is-layout-flex\">\n<div class=\"wp-block-button\"><a class=\"wp-block-button__link wp-element-button\" href=\"https:\/\/www.reelshort.com\/es\/episodes\/episode-1-la-venganza-alza-el-vuelo-69c41caef214b44a6f0f479a-itlc16m4d9\">Ver Serie Ahora &gt;&gt;<\/a><\/div>\n<\/div>\n","protected":false},"excerpt":{"rendered":"<p>Eva toma un vuelo a Cartagena para asistir a la boda de su hermano Hector, sin imaginar que vivir\u00eda la [&hellip;]<\/p>\n","protected":false},"author":5,"featured_media":6091,"comment_status":"open","ping_status":"open","sticky":false,"template":"","format":"standard","meta":{"footnotes":""},"categories":[12],"tags":[],"class_list":["post-6082","post","type-post","status-publish","format-standard","has-post-thumbnail","hentry","category-lista-de-pelicula-casting"],"yoast_head":"<!-- This site is optimized with the Yoast SEO plugin v24.0 - https:\/\/yoast.com\/wordpress\/plugins\/seo\/ -->\n<title>La Venganza Alza el Vuelo Reparto \u2013 Un vuelo a Cartagena ser\u00e1 su Peor Pesadilla - ReelShort Fandom En Espa\u00f1ol<\/title>\n<meta name=\"description\" content=\"Eva viaja a Cartagena a la boda de su hermano, sin imaginar que vivir\u00eda una aut\u00e9ntica pesadilla en el vuelo que tom\u00f3. Conoce todos los detalles de esta impactante historia.\" \/>\n<meta name=\"robots\" content=\"index, follow, max-snippet:-1, max-image-preview:large, max-video-preview:-1\" \/>\n<link rel=\"canonical\" href=\"https:\/\/www.reelshort.com\/es\/fandom\/la-venganza-alza-el-vuelo-reparto-01-2-c7d988497244\/\" \/>\n<meta property=\"og:locale\" content=\"es_ES\" \/>\n<meta property=\"og:type\" content=\"article\" \/>\n<meta property=\"og:title\" content=\"La Venganza Alza el Vuelo Reparto \u2013 Un vuelo a Cartagena ser\u00e1 su Peor Pesadilla - ReelShort Fandom En Espa\u00f1ol\" \/>\n<meta property=\"og:description\" content=\"Eva viaja a Cartagena a la boda de su hermano, sin imaginar que vivir\u00eda una aut\u00e9ntica pesadilla en el vuelo que tom\u00f3. Conoce todos los detalles de esta impactante historia.\" \/>\n<meta property=\"og:url\" content=\"https:\/\/www.reelshort.com\/es\/fandom\/la-venganza-alza-el-vuelo-reparto-01-2-c7d988497244\/\" \/>\n<meta property=\"og:site_name\" content=\"ReelShort Fandom En Espa\u00f1ol\" \/>\n<meta property=\"article:published_time\" content=\"2026-04-27T03:19:01+00:00\" \/>\n<meta property=\"article:modified_time\" content=\"2026-04-27T03:19:45+00:00\" \/>\n<meta property=\"og:image\" content=\"https:\/\/www.reelshort.com\/es\/fandom\/wp-content\/uploads\/2026\/04\/La-venganza-alza-el-vuelo-reparto-1.png\" \/>\n\t<meta property=\"og:image:width\" content=\"600\" \/>\n\t<meta property=\"og:image:height\" content=\"400\" \/>\n\t<meta property=\"og:image:type\" content=\"image\/png\" \/>\n<meta name=\"author\" content=\"Aurelia Windsor\" \/>\n<meta name=\"twitter:card\" content=\"summary_large_image\" \/>\n<meta name=\"twitter:label1\" content=\"Escrito por\" \/>\n\t<meta name=\"twitter:data1\" content=\"Aurelia Windsor\" \/>\n\t<meta name=\"twitter:label2\" content=\"Tiempo de lectura\" \/>\n\t<meta name=\"twitter:data2\" content=\"10 minutos\" \/>\n<script type=\"application\/ld+json\" class=\"yoast-schema-graph\">{\"@context\":\"https:\/\/schema.org\",\"@graph\":[{\"@type\":\"WebPage\",\"@id\":\"https:\/\/www.reelshort.com\/es\/fandom\/la-venganza-alza-el-vuelo-reparto-01-2-c7d988497244\/\",\"url\":\"https:\/\/www.reelshort.com\/es\/fandom\/la-venganza-alza-el-vuelo-reparto-01-2-c7d988497244\/\",\"name\":\"La Venganza Alza el Vuelo Reparto \u2013 Un vuelo a Cartagena ser\u00e1 su Peor Pesadilla - ReelShort Fandom En Espa\u00f1ol\",\"isPartOf\":{\"@id\":\"https:\/\/www.reelshort.com\/es\/fandom\/#website\"},\"primaryImageOfPage\":{\"@id\":\"https:\/\/www.reelshort.com\/es\/fandom\/la-venganza-alza-el-vuelo-reparto-01-2-c7d988497244\/#primaryimage\"},\"image\":{\"@id\":\"https:\/\/www.reelshort.com\/es\/fandom\/la-venganza-alza-el-vuelo-reparto-01-2-c7d988497244\/#primaryimage\"},\"thumbnailUrl\":\"https:\/\/www.reelshort.com\/es\/fandom\/wp-content\/uploads\/2026\/04\/La-venganza-alza-el-vuelo-reparto-1.png\",\"datePublished\":\"2026-04-27T03:19:01+00:00\",\"dateModified\":\"2026-04-27T03:19:45+00:00\",\"author\":{\"@id\":\"https:\/\/www.reelshort.com\/es\/fandom\/#\/schema\/person\/df702e0befecf536c08c3a534aa9fbb2\"},\"description\":\"Eva viaja a Cartagena a la boda de su hermano, sin imaginar que vivir\u00eda una aut\u00e9ntica pesadilla en el vuelo que tom\u00f3. Conoce todos los detalles de esta impactante historia.\",\"breadcrumb\":{\"@id\":\"https:\/\/www.reelshort.com\/es\/fandom\/la-venganza-alza-el-vuelo-reparto-01-2-c7d988497244\/#breadcrumb\"},\"inLanguage\":\"es\",\"potentialAction\":[{\"@type\":\"ReadAction\",\"target\":[\"https:\/\/www.reelshort.com\/es\/fandom\/la-venganza-alza-el-vuelo-reparto-01-2-c7d988497244\/\"]}]},{\"@type\":\"ImageObject\",\"inLanguage\":\"es\",\"@id\":\"https:\/\/www.reelshort.com\/es\/fandom\/la-venganza-alza-el-vuelo-reparto-01-2-c7d988497244\/#primaryimage\",\"url\":\"https:\/\/www.reelshort.com\/es\/fandom\/wp-content\/uploads\/2026\/04\/La-venganza-alza-el-vuelo-reparto-1.png\",\"contentUrl\":\"https:\/\/www.reelshort.com\/es\/fandom\/wp-content\/uploads\/2026\/04\/La-venganza-alza-el-vuelo-reparto-1.png\",\"width\":600,\"height\":400,\"caption\":\"La Venganza Alza el Vuelo introducci\u00f3n\"},{\"@type\":\"BreadcrumbList\",\"@id\":\"https:\/\/www.reelshort.com\/es\/fandom\/la-venganza-alza-el-vuelo-reparto-01-2-c7d988497244\/#breadcrumb\",\"itemListElement\":[{\"@type\":\"ListItem\",\"position\":1,\"name\":\"Home\",\"item\":\"https:\/\/www.reelshort.com\/es\/fandom\/\"},{\"@type\":\"ListItem\",\"position\":2,\"name\":\"La Venganza Alza el Vuelo Reparto \u2013 Un vuelo a Cartagena ser\u00e1 su Peor Pesadilla\"}]},{\"@type\":\"WebSite\",\"@id\":\"https:\/\/www.reelshort.com\/es\/fandom\/#website\",\"url\":\"https:\/\/www.reelshort.com\/es\/fandom\/\",\"name\":\"ReelShort Fandom En Espa\u00f1ol\",\"description\":\"Para satisfacer toda la curiosidad de los cin\u00e9filos\",\"potentialAction\":[{\"@type\":\"SearchAction\",\"target\":{\"@type\":\"EntryPoint\",\"urlTemplate\":\"https:\/\/www.reelshort.com\/es\/fandom\/?s={search_term_string}\"},\"query-input\":{\"@type\":\"PropertyValueSpecification\",\"valueRequired\":true,\"valueName\":\"search_term_string\"}}],\"inLanguage\":\"es\"},{\"@type\":\"Person\",\"@id\":\"https:\/\/www.reelshort.com\/es\/fandom\/#\/schema\/person\/df702e0befecf536c08c3a534aa9fbb2\",\"name\":\"Aurelia Windsor\",\"image\":{\"@type\":\"ImageObject\",\"inLanguage\":\"es\",\"@id\":\"https:\/\/www.reelshort.com\/es\/fandom\/#\/schema\/person\/image\/\",\"url\":\"https:\/\/secure.gravatar.com\/avatar\/8df2005a06e8a76058ed9c07f50a3e0c91b962f00190fdbc16a7a294724ca100?s=96&d=mm&r=g\",\"contentUrl\":\"https:\/\/secure.gravatar.com\/avatar\/8df2005a06e8a76058ed9c07f50a3e0c91b962f00190fdbc16a7a294724ca100?s=96&d=mm&r=g\",\"caption\":\"Aurelia Windsor\"},\"sameAs\":[\"https:\/\/www.reelshort.com\/\"],\"url\":\"https:\/\/www.reelshort.com\/es\/fandom\/author\/aurelia-windsor\/\"}]}<\/script>\n<!-- \/ Yoast SEO plugin. -->","yoast_head_json":{"title":"La Venganza Alza el Vuelo Reparto \u2013 Un vuelo a Cartagena ser\u00e1 su Peor Pesadilla - ReelShort Fandom En Espa\u00f1ol","description":"Eva viaja a Cartagena a la boda de su hermano, sin imaginar que vivir\u00eda una aut\u00e9ntica pesadilla en el vuelo que tom\u00f3. Conoce todos los detalles de esta impactante historia.","robots":{"index":"index","follow":"follow","max-snippet":"max-snippet:-1","max-image-preview":"max-image-preview:large","max-video-preview":"max-video-preview:-1"},"canonical":"https:\/\/www.reelshort.com\/es\/fandom\/la-venganza-alza-el-vuelo-reparto-01-2-c7d988497244\/","og_locale":"es_ES","og_type":"article","og_title":"La Venganza Alza el Vuelo Reparto \u2013 Un vuelo a Cartagena ser\u00e1 su Peor Pesadilla - ReelShort Fandom En Espa\u00f1ol","og_description":"Eva viaja a Cartagena a la boda de su hermano, sin imaginar que vivir\u00eda una aut\u00e9ntica pesadilla en el vuelo que tom\u00f3. Conoce todos los detalles de esta impactante historia.","og_url":"https:\/\/www.reelshort.com\/es\/fandom\/la-venganza-alza-el-vuelo-reparto-01-2-c7d988497244\/","og_site_name":"ReelShort Fandom En Espa\u00f1ol","article_published_time":"2026-04-27T03:19:01+00:00","article_modified_time":"2026-04-27T03:19:45+00:00","og_image":[{"width":600,"height":400,"url":"https:\/\/www.reelshort.com\/es\/fandom\/wp-content\/uploads\/2026\/04\/La-venganza-alza-el-vuelo-reparto-1.png","type":"image\/png"}],"author":"Aurelia Windsor","twitter_card":"summary_large_image","twitter_misc":{"Escrito por":"Aurelia Windsor","Tiempo de lectura":"10 minutos"},"schema":{"@context":"https:\/\/schema.org","@graph":[{"@type":"WebPage","@id":"https:\/\/www.reelshort.com\/es\/fandom\/la-venganza-alza-el-vuelo-reparto-01-2-c7d988497244\/","url":"https:\/\/www.reelshort.com\/es\/fandom\/la-venganza-alza-el-vuelo-reparto-01-2-c7d988497244\/","name":"La Venganza Alza el Vuelo Reparto \u2013 Un vuelo a Cartagena ser\u00e1 su Peor Pesadilla - ReelShort Fandom En Espa\u00f1ol","isPartOf":{"@id":"https:\/\/www.reelshort.com\/es\/fandom\/#website"},"primaryImageOfPage":{"@id":"https:\/\/www.reelshort.com\/es\/fandom\/la-venganza-alza-el-vuelo-reparto-01-2-c7d988497244\/#primaryimage"},"image":{"@id":"https:\/\/www.reelshort.com\/es\/fandom\/la-venganza-alza-el-vuelo-reparto-01-2-c7d988497244\/#primaryimage"},"thumbnailUrl":"https:\/\/www.reelshort.com\/es\/fandom\/wp-content\/uploads\/2026\/04\/La-venganza-alza-el-vuelo-reparto-1.png","datePublished":"2026-04-27T03:19:01+00:00","dateModified":"2026-04-27T03:19:45+00:00","author":{"@id":"https:\/\/www.reelshort.com\/es\/fandom\/#\/schema\/person\/df702e0befecf536c08c3a534aa9fbb2"},"description":"Eva viaja a Cartagena a la boda de su hermano, sin imaginar que vivir\u00eda una aut\u00e9ntica pesadilla en el vuelo que tom\u00f3. Conoce todos los detalles de esta impactante historia.","breadcrumb":{"@id":"https:\/\/www.reelshort.com\/es\/fandom\/la-venganza-alza-el-vuelo-reparto-01-2-c7d988497244\/#breadcrumb"},"inLanguage":"es","potentialAction":[{"@type":"ReadAction","target":["https:\/\/www.reelshort.com\/es\/fandom\/la-venganza-alza-el-vuelo-reparto-01-2-c7d988497244\/"]}]},{"@type":"ImageObject","inLanguage":"es","@id":"https:\/\/www.reelshort.com\/es\/fandom\/la-venganza-alza-el-vuelo-reparto-01-2-c7d988497244\/#primaryimage","url":"https:\/\/www.reelshort.com\/es\/fandom\/wp-content\/uploads\/2026\/04\/La-venganza-alza-el-vuelo-reparto-1.png","contentUrl":"https:\/\/www.reelshort.com\/es\/fandom\/wp-content\/uploads\/2026\/04\/La-venganza-alza-el-vuelo-reparto-1.png","width":600,"height":400,"caption":"La Venganza Alza el Vuelo introducci\u00f3n"},{"@type":"BreadcrumbList","@id":"https:\/\/www.reelshort.com\/es\/fandom\/la-venganza-alza-el-vuelo-reparto-01-2-c7d988497244\/#breadcrumb","itemListElement":[{"@type":"ListItem","position":1,"name":"Home","item":"https:\/\/www.reelshort.com\/es\/fandom\/"},{"@type":"ListItem","position":2,"name":"La Venganza Alza el Vuelo Reparto \u2013 Un vuelo a Cartagena ser\u00e1 su Peor Pesadilla"}]},{"@type":"WebSite","@id":"https:\/\/www.reelshort.com\/es\/fandom\/#website","url":"https:\/\/www.reelshort.com\/es\/fandom\/","name":"ReelShort Fandom En Espa\u00f1ol","description":"Para satisfacer toda la curiosidad de los cin\u00e9filos","potentialAction":[{"@type":"SearchAction","target":{"@type":"EntryPoint","urlTemplate":"https:\/\/www.reelshort.com\/es\/fandom\/?s={search_term_string}"},"query-input":{"@type":"PropertyValueSpecification","valueRequired":true,"valueName":"search_term_string"}}],"inLanguage":"es"},{"@type":"Person","@id":"https:\/\/www.reelshort.com\/es\/fandom\/#\/schema\/person\/df702e0befecf536c08c3a534aa9fbb2","name":"Aurelia Windsor","image":{"@type":"ImageObject","inLanguage":"es","@id":"https:\/\/www.reelshort.com\/es\/fandom\/#\/schema\/person\/image\/","url":"https:\/\/secure.gravatar.com\/avatar\/8df2005a06e8a76058ed9c07f50a3e0c91b962f00190fdbc16a7a294724ca100?s=96&d=mm&r=g","contentUrl":"https:\/\/secure.gravatar.com\/avatar\/8df2005a06e8a76058ed9c07f50a3e0c91b962f00190fdbc16a7a294724ca100?s=96&d=mm&r=g","caption":"Aurelia Windsor"},"sameAs":["https:\/\/www.reelshort.com\/"],"url":"https:\/\/www.reelshort.com\/es\/fandom\/author\/aurelia-windsor\/"}]}},"_links":{"self":[{"href":"https:\/\/www.reelshort.com\/es\/fandom\/wp-json\/wp\/v2\/posts\/6082","targetHints":{"allow":["GET"]}}],"collection":[{"href":"https:\/\/www.reelshort.com\/es\/fandom\/wp-json\/wp\/v2\/posts"}],"about":[{"href":"https:\/\/www.reelshort.com\/es\/fandom\/wp-json\/wp\/v2\/types\/post"}],"author":[{"embeddable":true,"href":"https:\/\/www.reelshort.com\/es\/fandom\/wp-json\/wp\/v2\/users\/5"}],"replies":[{"embeddable":true,"href":"https:\/\/www.reelshort.com\/es\/fandom\/wp-json\/wp\/v2\/comments?post=6082"}],"version-history":[{"count":2,"href":"https:\/\/www.reelshort.com\/es\/fandom\/wp-json\/wp\/v2\/posts\/6082\/revisions"}],"predecessor-version":[{"id":6094,"href":"https:\/\/www.reelshort.com\/es\/fandom\/wp-json\/wp\/v2\/posts\/6082\/revisions\/6094"}],"wp:featuredmedia":[{"embeddable":true,"href":"https:\/\/www.reelshort.com\/es\/fandom\/wp-json\/wp\/v2\/media\/6091"}],"wp:attachment":[{"href":"https:\/\/www.reelshort.com\/es\/fandom\/wp-json\/wp\/v2\/media?parent=6082"}],"wp:term":[{"taxonomy":"category","embeddable":true,"href":"https:\/\/www.reelshort.com\/es\/fandom\/wp-json\/wp\/v2\/categories?post=6082"},{"taxonomy":"post_tag","embeddable":true,"href":"https:\/\/www.reelshort.com\/es\/fandom\/wp-json\/wp\/v2\/tags?post=6082"}],"curies":[{"name":"wp","href":"https:\/\/api.w.org\/{rel}","templated":true}]}}