{"id":6095,"date":"2026-04-27T11:49:18","date_gmt":"2026-04-27T03:49:18","guid":{"rendered":"https:\/\/www.reelshort.com\/es\/fandom\/?p=6095"},"modified":"2026-04-27T11:50:18","modified_gmt":"2026-04-27T03:50:18","slug":"eva-y-clara-01-6-c7d988497244","status":"publish","type":"post","link":"https:\/\/www.reelshort.com\/es\/fandom\/eva-y-clara-01-6-c7d988497244\/","title":{"rendered":"La Venganza Alza El Vuelo Pertagonistas &#8211; La Hermandad Falsa entre Eva y Clara"},"content":{"rendered":"\n<p>Cuando la dulce Eva toma un vuelo a Cartagena, nunca pas\u00f3 por su cabeza que se convertir\u00eda en la peor enemiga de su propia cu\u00f1ada, la mujer a la que ansiaba entregar el collar de su familia.<\/p>\n\n\n\n<p>Clara, una mujer fr\u00eda y ambiciosa, va a casarse con H\u00e9ctor M\u00e9ndoza, pero cuando Eva se cruza en su camino la confunde con la amante de su prometido y hace su vida miserable \u00bfQu\u00e9 pasar\u00e1 cuando entienda el error que cometi\u00f3?<\/p>\n\n\n\n<p>Desc\u00fabrelo en: <a href=\"https:\/\/www.reelshort.com\/es\/movie\/la-venganza-alza-el-vuelo-69c41caef214b44a6f0f479a\">La Venganza Alza el Vuelo Pel\u00edcula Completa<\/a><\/p>\n\n\n<p><iframe loading=\"lazy\" id=\"reelshort_player\" width=\"600\" height=\"400\" src=\"https:\/\/www.reelshort.com\/es\/embed\/69c41caef214b44a6f0f479a-itlc16m4d9?show_controls=true\" title=\"ReelShort video player\" frameBorder=\"0\" allow=\"accelerometer; autoplay; clipboard-write; encrypted-media; gyroscope; picture-in-picture; web-share\" referrerPolicy=\"strict-origin-when-cross-origin\" allowFullScreen ><\/iframe><\/p>\n\n\n<div class=\"wp-block-buttons is-layout-flex wp-block-buttons-is-layout-flex\">\n<div class=\"wp-block-button\"><a class=\"wp-block-button__link wp-element-button\" href=\"https:\/\/www.reelshort.com\/es\/episodes\/episode-1-la-venganza-alza-el-vuelo-69c41caef214b44a6f0f479a-itlc16m4d9\">Ver Serie Ahora &gt;&gt;<\/a><\/div>\n<\/div>\n\n\n\n<ul class=\"wp-block-list\">\n<li><a href=\"#part1\">Parte 1: Rese\u00f1a Dram\u00e1tica: La Venganza Alza el Vuelo Pel\u00edcula Completa \u00bfCu\u00e1l es la trama de la historia?<\/a><\/li>\n\n\n\n<li><a href=\"#part2\">Parte 2: Conociendo a los actores: \u00bfQuienes son Eva y Clara en La Venganza Alza el Vuelo Elenco?<\/a><\/li>\n\n\n\n<li><a href=\"#part3\">Parte 3: \u00bfQu\u00e9 hace tan especial a La Venganza Alza el Vuelo Pel\u00edcula Completa?<\/a><\/li>\n\n\n\n<li><a href=\"#part4\">Parte 4: Conclusi\u00f3n<\/a><\/li>\n<\/ul>\n\n\n\n<h2 class=\"wp-block-heading\" id=\"part1\">Parte 1:&nbsp;Rese\u00f1a Dram\u00e1tica: La Venganza Alza el Vuelo Pel\u00edcula Completa \u00bfCu\u00e1l es la trama de la historia?<\/h2>\n\n\n\n<figure class=\"wp-block-image size-full\"><img loading=\"lazy\" decoding=\"async\" width=\"600\" height=\"400\" src=\"https:\/\/www.reelshort.com\/es\/fandom\/wp-content\/uploads\/2026\/04\/La-Venganza-alza-el-vuelo-protagonistas-2.png\" alt=\"La Venganza Alza el Vuelo dailymotion\" class=\"wp-image-6099\" srcset=\"https:\/\/www.reelshort.com\/es\/fandom\/wp-content\/uploads\/2026\/04\/La-Venganza-alza-el-vuelo-protagonistas-2.png 600w, https:\/\/www.reelshort.com\/es\/fandom\/wp-content\/uploads\/2026\/04\/La-Venganza-alza-el-vuelo-protagonistas-2-300x200.png 300w\" sizes=\"auto, (max-width: 600px) 100vw, 600px\" \/><\/figure>\n\n\n\n<p>La Venganza Alza el Vuelo, narra la historia del d\u00eda en que Eva toma un vuelo a Cartagena para asistir a la boda de su hermano mayor H\u00e9ctor, un momento muy especial para la familia.<\/p>\n\n\n\n<p>Se supone que la ceremonia va a realizarse ese mismo d\u00eda, por lo que Eva muy emocionada llama a su hermano para contarle que est\u00e1 instalada en el avi\u00f3n para ir a verlo.<\/p>\n\n\n\n<p>Hasta ese momento, todo es felicidad e ilusi\u00f3n por el reencuentro de dos hermanos que hace mucho tiempo no est\u00e1n juntos.<\/p>\n\n\n\n<p>Pero, poco despu\u00e9s de colgar la llamada, las cosas comienzan a salirse de control. Resulta que los desagradables familiares de la prometida de Hector tambi\u00e9n estaban a bordo.<\/p>\n\n\n\n<p>Juana e Ivan se encaprichan con la idea de que Eva cambie de asiento con ellos, pues no est\u00e1n felices con el lugar al que fueron asignados.<\/p>\n\n\n\n<p>Cabe resaltar que nuestra bella protagonista, est\u00e1 lesionada de una pierna y por esa raz\u00f3n compr\u00f3 dos lugares dentro del avi\u00f3n.<\/p>\n\n\n\n<p>Lejos de tener compasi\u00f3n con ella por su estado, ocurre todo lo contrario la califican de lisiada y la tratan igual que a un estorbo, simplemente porque no quiso intercambiar de lugar.<\/p>\n\n\n\n<p>A partir de all\u00ed, estar en ese avi\u00f3n se convierte en una aut\u00e9ntica pesadilla para Eva, m\u00e1s a\u00fan porque nadie tiene idea que es la hermanita menor de H\u00e9ctor Mendoza.<\/p>\n\n\n\n<p>La situaci\u00f3n empeora cuando ocurre un aterrizaje de emergencia en Medell\u00edn y Juana llama a su hermana Clara para que use todo su poder contra su nueva enemiga.<\/p>\n\n\n\n<p>Clara que es una mujer de temer y que se prepara para su boda, est\u00e1 dispuesta a hacer sufrir a la persona que se atrevi\u00f3 a meterse en el camino de su hermana.<\/p>\n\n\n\n<p>Para colmo de males, al ver a Eva y recordar una foto que tiene con su prometido, de inmediato supuso que era amante de Hector, desatando su furia.<\/p>\n\n\n\n<p>Eva indefensa, sola y pr\u00e1cticamente sin salida es torturada por estas terribles personas, mientras su hermano va camino a buscarla.<\/p>\n\n\n\n<p>\u00bfQu\u00e9 pasar\u00e1 cuando Hector descubra que su prometida estuvo a punto de eliminar a su hermanita?<\/p>\n\n\n\n<div class=\"wp-block-buttons is-layout-flex wp-block-buttons-is-layout-flex\">\n<div class=\"wp-block-button\"><a class=\"wp-block-button__link wp-element-button\" href=\"https:\/\/www.reelshort.com\/es\/episodes\/episode-1-la-venganza-alza-el-vuelo-69c41caef214b44a6f0f479a-itlc16m4d9\">Ver Serie Ahora &gt;&gt;<\/a><\/div>\n<\/div>\n\n\n\n<h2 class=\"wp-block-heading\" id=\"part2\">Parte 2: Conociendo a los actores: \u00bfQuienes son Eva y Clara en La Venganza Alza el Vuelo Elenco?<\/h2>\n\n\n\n<h3 class=\"wp-block-heading\">Eva &#8211; Una chica dulce en aprietos<\/h3>\n\n\n\n<figure class=\"wp-block-image size-full\"><img loading=\"lazy\" decoding=\"async\" width=\"600\" height=\"400\" src=\"https:\/\/www.reelshort.com\/es\/fandom\/wp-content\/uploads\/2026\/04\/La-Venganza-alza-el-vuelo-protagonistas-3.png\" alt=\"Venganza Alza el Vuelo\" class=\"wp-image-6100\" srcset=\"https:\/\/www.reelshort.com\/es\/fandom\/wp-content\/uploads\/2026\/04\/La-Venganza-alza-el-vuelo-protagonistas-3.png 600w, https:\/\/www.reelshort.com\/es\/fandom\/wp-content\/uploads\/2026\/04\/La-Venganza-alza-el-vuelo-protagonistas-3-300x200.png 300w\" sizes=\"auto, (max-width: 600px) 100vw, 600px\" \/><\/figure>\n\n\n\n<p>La bella actriz Ilenia Antonini es quien interpreta a la dulce e inocente Eva, en la Venganza Alza el Vuelo.<\/p>\n\n\n\n<p>Ilenia es una actriz italocolombiana, con una larga trayectoria en la industria del entretenimiento colombiana e internacional.<\/p>\n\n\n\n<p>En esta oportunidad, le da vida a Eva Mendoza, una chica dulce y carism\u00e1tica que perdi\u00f3 a sus padres y cuya \u00fanica familia es su hermano mayor, Hector.<\/p>\n\n\n\n<p>Dentro del melodrama, su personaje toma un vuelo a Cartagena para ir a la boda de su hermano y conocer a su futura esposa, a quien desea hacerle un regalo especial.<\/p>\n\n\n\n<p>Durante a\u00f1os, las novias de su familia pasaron un hermoso collar de generaci\u00f3n en generaci\u00f3n, convirti\u00e9ndose en el objeto prestado que toda mujer usa el d\u00eda de su boda.<\/p>\n\n\n\n<p>Para Eva, entregarle este objeto a su cu\u00f1ada era algo m\u00e1s importante de lo que parec\u00eda, pues significaba mantener el legado de sus padres con vida.&nbsp;<\/p>\n\n\n\n<p>As\u00ed que estaba llena de ilusiones y sentimientos de nostalgia por cumplir con esa misi\u00f3n.<\/p>\n\n\n\n<p>Tristemente, el destino ten\u00eda otros planes y ese viaje a Cartagena se iba a convertir en una horrible pesadilla que jam\u00e1s podr\u00eda olvidar.<\/p>\n\n\n\n<h3 class=\"wp-block-heading\">Clara &#8211; Una novia despiadada<\/h3>\n\n\n\n<figure class=\"wp-block-image size-full\"><img loading=\"lazy\" decoding=\"async\" width=\"600\" height=\"400\" src=\"https:\/\/www.reelshort.com\/es\/fandom\/wp-content\/uploads\/2026\/04\/La-Venganza-alza-el-vuelo-protagonistas-4.png\" alt=\"La Venganza Alza el Vuelo Completo\" class=\"wp-image-6101\" srcset=\"https:\/\/www.reelshort.com\/es\/fandom\/wp-content\/uploads\/2026\/04\/La-Venganza-alza-el-vuelo-protagonistas-4.png 600w, https:\/\/www.reelshort.com\/es\/fandom\/wp-content\/uploads\/2026\/04\/La-Venganza-alza-el-vuelo-protagonistas-4-300x200.png 300w\" sizes=\"auto, (max-width: 600px) 100vw, 600px\" \/><\/figure>\n\n\n\n<p>Todo buen drama impactante debe tener una villana malvada que haga sufrir a la protagonista y que ambicione ser la reina del mundo, en la Venganza Alza el vuelo, esa es Clara.<\/p>\n\n\n\n<p>&nbsp;Este personaje es interpretado por la talentosa y dem\u00e1s est\u00e1 decir hermosa actriz Camila Rojas, quien hace un trabajo espectacular en hacer que la odiemos.<\/p>\n\n\n\n<p>Su actuaci\u00f3n como mujer despiadada es impecable, imprimiendole toda esa sensualidad y derroche a Clara, quien no teme pasar por encima de los otros para lograr sus objetivos.<\/p>\n\n\n\n<p>Entonces, cuando conoce a Eva su apariencia de mujer angelical saca lo peor de ella, especialmente porque antes de llegar al aeropuerto, vio una foto de ella con Hector.<\/p>\n\n\n\n<p>Obvio, como el ladr\u00f3n juzga por su condici\u00f3n le fue imposible pensar que pod\u00edan ser hermanos, as\u00ed que la conclusi\u00f3n inmediata que sac\u00f3 fue que eran amantes.<\/p>\n\n\n\n<p>Por esa raz\u00f3n, deja caer todo su odio y desprecio sobre la indefensa Eva, quien debe sufrir las torturas y castigos a las que Clara ordena someterla.<\/p>\n\n\n\n<p>Pero, el mal nunca sale bien parado en este tipo de historias, as\u00ed que no dejes de ver cual es el destino final de Clara, cuando toda la verdad sale a la luz.<\/p>\n\n\n\n<div class=\"wp-block-buttons is-layout-flex wp-block-buttons-is-layout-flex\">\n<div class=\"wp-block-button\"><a class=\"wp-block-button__link wp-element-button\" href=\"https:\/\/www.reelshort.com\/es\/episodes\/episode-1-la-venganza-alza-el-vuelo-69c41caef214b44a6f0f479a-itlc16m4d9\">Ver Serie Ahora &gt;&gt;<\/a><\/div>\n<\/div>\n\n\n\n<h2 class=\"wp-block-heading\" id=\"part3\">Parte 3: \u00bfQu\u00e9 hace tan especial a La Venganza Alza el Vuelo Pel\u00edcula Completa?<\/h2>\n\n\n\n<figure class=\"wp-block-image size-full\"><img loading=\"lazy\" decoding=\"async\" width=\"600\" height=\"400\" src=\"https:\/\/www.reelshort.com\/es\/fandom\/wp-content\/uploads\/2026\/04\/La-Venganza-alza-el-vuelo-protagonistas-5.png\" alt=\"La Venganza Alza el Vuelo completa\" class=\"wp-image-6096\" srcset=\"https:\/\/www.reelshort.com\/es\/fandom\/wp-content\/uploads\/2026\/04\/La-Venganza-alza-el-vuelo-protagonistas-5.png 600w, https:\/\/www.reelshort.com\/es\/fandom\/wp-content\/uploads\/2026\/04\/La-Venganza-alza-el-vuelo-protagonistas-5-300x200.png 300w\" sizes=\"auto, (max-width: 600px) 100vw, 600px\" \/><\/figure>\n\n\n\n<p>La Venganza Alza el Vuelo, es un drama vertical con toda la esencia de una telenovela cl\u00e1sica de esos en los que vemos sufrir barbaridades a la protagonista.<\/p>\n\n\n\n<p>La premisa es simple, una chica dulce e inocente tiene la mala suerte de cruzarse con personas desagradables que simplemente se encaprichan con hacerle da\u00f1o.<\/p>\n\n\n\n<p>Entonces, la pobre debe sortear un mont\u00f3n de dificultades para salir con bien de una situaci\u00f3n intensa y peligrosa, en la que es considerada una mosquita muerta.<\/p>\n\n\n\n<p>Por otro lado, su trama deja de lado el argumento rom\u00e1ntico y basa sus giros en la maldad injustificada de un grupo de personas contra la protagonista.<\/p>\n\n\n\n<p>Una de ellas es Clara, quien no tarda en convertirse en la l\u00edder de los detractores de Eva.<\/p>\n\n\n\n<p>Para la consagrada villana de esta historia alguien como Eva representa una amenaza inminente a sus intereses, porque es todo lo opuesto a ella.<\/p>\n\n\n\n<p>Y como la considera la amante de su prometido, su \u00fanico anhelo es hacerla desaparecer, pero antes quiere que sufra y pague por haberse mentido (seg\u00fan ella) en su relaci\u00f3n<\/p>\n\n\n\n<p>Entonces, todos tener todos estos elementos de la telenovela cl\u00e1sica en formato totalmente moderno, es muy atractivo para el p\u00fablico que gusta de este tipo de tramas.<\/p>\n\n\n\n<div class=\"wp-block-buttons is-layout-flex wp-block-buttons-is-layout-flex\">\n<div class=\"wp-block-button\"><a class=\"wp-block-button__link wp-element-button\" href=\"https:\/\/www.reelshort.com\/es\/episodes\/episode-1-la-venganza-alza-el-vuelo-69c41caef214b44a6f0f479a-itlc16m4d9\">Ver Serie Ahora &gt;&gt;<\/a><\/div>\n<\/div>\n\n\n\n<h2 class=\"wp-block-heading\" id=\"part4\">Parte 4: Conclusi\u00f3n<\/h2>\n\n\n\n<figure class=\"wp-block-image size-full\"><img loading=\"lazy\" decoding=\"async\" width=\"600\" height=\"400\" src=\"https:\/\/www.reelshort.com\/es\/fandom\/wp-content\/uploads\/2026\/04\/La-venganza-alza-el-vuelo-reparto-2.png\" alt=\"La Venganza Alza el Vuelo Dailymotion\" class=\"wp-image-6083\" srcset=\"https:\/\/www.reelshort.com\/es\/fandom\/wp-content\/uploads\/2026\/04\/La-venganza-alza-el-vuelo-reparto-2.png 600w, https:\/\/www.reelshort.com\/es\/fandom\/wp-content\/uploads\/2026\/04\/La-venganza-alza-el-vuelo-reparto-2-300x200.png 300w\" sizes=\"auto, (max-width: 600px) 100vw, 600px\" \/><\/figure>\n\n\n\n<p><a href=\"https:\/\/www.reelshort.com\/es\/movie\/la-venganza-alza-el-vuelo-69c41caef214b44a6f0f479a\">La Venganza Alza el Vuelo<\/a>, es una historia para los amantes de los dramas cl\u00e1sicos con un estilo moderno.<\/p>\n\n\n\n<p>Tenemos a la inocente e indefensa protagonista en personaje de Eva Mendoza por un lado y por el otro, a la sexy y malvada villana en el personaje de Clara.<\/p>\n\n\n\n<p>\u2013 Una combinaci\u00f3n perfecta para el drama \u2013<\/p>\n\n\n\n<p>Clara har\u00e1 todo lo que est\u00e9 a su alcance para hacer de la vida Eva un infierno, como venganza por supuestamente ser la amante de su prometido.<\/p>\n\n\n\n<p>\u00bfPodr\u00e1 Eva soportar tanto sufrimiento?<\/p>\n\n\n\n<p>No dejes de averiguarlo haciendo clic en el enlace o descargando la app de <a href=\"https:\/\/www.reelshort.com\/es\/movie-genres\/all-movies\">ReelShort<\/a> en tu celular.<\/p>\n\n\n\n<p>\u00a1Nos Vemos!<\/p>\n\n\n\n<div class=\"wp-block-buttons is-layout-flex wp-block-buttons-is-layout-flex\">\n<div class=\"wp-block-button\"><a class=\"wp-block-button__link wp-element-button\" href=\"https:\/\/www.reelshort.com\/es\/episodes\/episode-1-la-venganza-alza-el-vuelo-69c41caef214b44a6f0f479a-itlc16m4d9\">Ver Serie Ahora &gt;&gt;<\/a><\/div>\n<\/div>\n","protected":false},"excerpt":{"rendered":"<p>Cuando la dulce Eva toma un vuelo a Cartagena, nunca pas\u00f3 por su cabeza que se convertir\u00eda en la peor [&hellip;]<\/p>\n","protected":false},"author":5,"featured_media":6098,"comment_status":"open","ping_status":"open","sticky":false,"template":"","format":"standard","meta":{"footnotes":""},"categories":[12],"tags":[],"class_list":["post-6095","post","type-post","status-publish","format-standard","has-post-thumbnail","hentry","category-lista-de-pelicula-casting"],"yoast_head":"<!-- This site is optimized with the Yoast SEO plugin v24.0 - https:\/\/yoast.com\/wordpress\/plugins\/seo\/ -->\n<title>La Venganza Alza El Vuelo Pertagonistas - La Hermandad Falsa entre Eva y Clara - ReelShort Fandom En Espa\u00f1ol<\/title>\n<meta name=\"description\" content=\"En La Venganza Alza el Vuelo, Eva es v\u00edctima de toda la maldad de Clara y su familia, sin saber que la pobre en verdad es su propia cu\u00f1ada \u00bfSer\u00e1 que habr\u00e1 boda?\" \/>\n<meta name=\"robots\" content=\"index, follow, max-snippet:-1, max-image-preview:large, max-video-preview:-1\" \/>\n<link rel=\"canonical\" href=\"https:\/\/www.reelshort.com\/es\/fandom\/eva-y-clara-01-6-c7d988497244\/\" \/>\n<meta property=\"og:locale\" content=\"es_ES\" \/>\n<meta property=\"og:type\" content=\"article\" \/>\n<meta property=\"og:title\" content=\"La Venganza Alza El Vuelo Pertagonistas - La Hermandad Falsa entre Eva y Clara - ReelShort Fandom En Espa\u00f1ol\" \/>\n<meta property=\"og:description\" content=\"En La Venganza Alza el Vuelo, Eva es v\u00edctima de toda la maldad de Clara y su familia, sin saber que la pobre en verdad es su propia cu\u00f1ada \u00bfSer\u00e1 que habr\u00e1 boda?\" \/>\n<meta property=\"og:url\" content=\"https:\/\/www.reelshort.com\/es\/fandom\/eva-y-clara-01-6-c7d988497244\/\" \/>\n<meta property=\"og:site_name\" content=\"ReelShort Fandom En Espa\u00f1ol\" \/>\n<meta property=\"article:published_time\" content=\"2026-04-27T03:49:18+00:00\" \/>\n<meta property=\"article:modified_time\" content=\"2026-04-27T03:50:18+00:00\" \/>\n<meta property=\"og:image\" content=\"https:\/\/www.reelshort.com\/es\/fandom\/wp-content\/uploads\/2026\/04\/La-Venganza-alza-el-vuelo-protagonistas-1.png\" \/>\n\t<meta property=\"og:image:width\" content=\"600\" \/>\n\t<meta property=\"og:image:height\" content=\"400\" \/>\n\t<meta property=\"og:image:type\" content=\"image\/png\" \/>\n<meta name=\"author\" content=\"Aurelia Windsor\" \/>\n<meta name=\"twitter:card\" content=\"summary_large_image\" \/>\n<meta name=\"twitter:label1\" content=\"Escrito por\" \/>\n\t<meta name=\"twitter:data1\" content=\"Aurelia Windsor\" \/>\n\t<meta name=\"twitter:label2\" content=\"Tiempo de lectura\" \/>\n\t<meta name=\"twitter:data2\" content=\"8 minutos\" \/>\n<script type=\"application\/ld+json\" class=\"yoast-schema-graph\">{\"@context\":\"https:\/\/schema.org\",\"@graph\":[{\"@type\":\"WebPage\",\"@id\":\"https:\/\/www.reelshort.com\/es\/fandom\/eva-y-clara-01-6-c7d988497244\/\",\"url\":\"https:\/\/www.reelshort.com\/es\/fandom\/eva-y-clara-01-6-c7d988497244\/\",\"name\":\"La Venganza Alza El Vuelo Pertagonistas - La Hermandad Falsa entre Eva y Clara - ReelShort Fandom En Espa\u00f1ol\",\"isPartOf\":{\"@id\":\"https:\/\/www.reelshort.com\/es\/fandom\/#website\"},\"primaryImageOfPage\":{\"@id\":\"https:\/\/www.reelshort.com\/es\/fandom\/eva-y-clara-01-6-c7d988497244\/#primaryimage\"},\"image\":{\"@id\":\"https:\/\/www.reelshort.com\/es\/fandom\/eva-y-clara-01-6-c7d988497244\/#primaryimage\"},\"thumbnailUrl\":\"https:\/\/www.reelshort.com\/es\/fandom\/wp-content\/uploads\/2026\/04\/La-Venganza-alza-el-vuelo-protagonistas-1.png\",\"datePublished\":\"2026-04-27T03:49:18+00:00\",\"dateModified\":\"2026-04-27T03:50:18+00:00\",\"author\":{\"@id\":\"https:\/\/www.reelshort.com\/es\/fandom\/#\/schema\/person\/df702e0befecf536c08c3a534aa9fbb2\"},\"description\":\"En La Venganza Alza el Vuelo, Eva es v\u00edctima de toda la maldad de Clara y su familia, sin saber que la pobre en verdad es su propia cu\u00f1ada \u00bfSer\u00e1 que habr\u00e1 boda?\",\"breadcrumb\":{\"@id\":\"https:\/\/www.reelshort.com\/es\/fandom\/eva-y-clara-01-6-c7d988497244\/#breadcrumb\"},\"inLanguage\":\"es\",\"potentialAction\":[{\"@type\":\"ReadAction\",\"target\":[\"https:\/\/www.reelshort.com\/es\/fandom\/eva-y-clara-01-6-c7d988497244\/\"]}]},{\"@type\":\"ImageObject\",\"inLanguage\":\"es\",\"@id\":\"https:\/\/www.reelshort.com\/es\/fandom\/eva-y-clara-01-6-c7d988497244\/#primaryimage\",\"url\":\"https:\/\/www.reelshort.com\/es\/fandom\/wp-content\/uploads\/2026\/04\/La-Venganza-alza-el-vuelo-protagonistas-1.png\",\"contentUrl\":\"https:\/\/www.reelshort.com\/es\/fandom\/wp-content\/uploads\/2026\/04\/La-Venganza-alza-el-vuelo-protagonistas-1.png\",\"width\":600,\"height\":400,\"caption\":\"La Venganza Alza el Vuelo \u00a0introducci\u00f3n\"},{\"@type\":\"BreadcrumbList\",\"@id\":\"https:\/\/www.reelshort.com\/es\/fandom\/eva-y-clara-01-6-c7d988497244\/#breadcrumb\",\"itemListElement\":[{\"@type\":\"ListItem\",\"position\":1,\"name\":\"Home\",\"item\":\"https:\/\/www.reelshort.com\/es\/fandom\/\"},{\"@type\":\"ListItem\",\"position\":2,\"name\":\"La Venganza Alza El Vuelo Pertagonistas &#8211; La Hermandad Falsa entre Eva y Clara\"}]},{\"@type\":\"WebSite\",\"@id\":\"https:\/\/www.reelshort.com\/es\/fandom\/#website\",\"url\":\"https:\/\/www.reelshort.com\/es\/fandom\/\",\"name\":\"ReelShort Fandom En Espa\u00f1ol\",\"description\":\"Para satisfacer toda la curiosidad de los cin\u00e9filos\",\"potentialAction\":[{\"@type\":\"SearchAction\",\"target\":{\"@type\":\"EntryPoint\",\"urlTemplate\":\"https:\/\/www.reelshort.com\/es\/fandom\/?s={search_term_string}\"},\"query-input\":{\"@type\":\"PropertyValueSpecification\",\"valueRequired\":true,\"valueName\":\"search_term_string\"}}],\"inLanguage\":\"es\"},{\"@type\":\"Person\",\"@id\":\"https:\/\/www.reelshort.com\/es\/fandom\/#\/schema\/person\/df702e0befecf536c08c3a534aa9fbb2\",\"name\":\"Aurelia Windsor\",\"image\":{\"@type\":\"ImageObject\",\"inLanguage\":\"es\",\"@id\":\"https:\/\/www.reelshort.com\/es\/fandom\/#\/schema\/person\/image\/\",\"url\":\"https:\/\/secure.gravatar.com\/avatar\/8df2005a06e8a76058ed9c07f50a3e0c91b962f00190fdbc16a7a294724ca100?s=96&d=mm&r=g\",\"contentUrl\":\"https:\/\/secure.gravatar.com\/avatar\/8df2005a06e8a76058ed9c07f50a3e0c91b962f00190fdbc16a7a294724ca100?s=96&d=mm&r=g\",\"caption\":\"Aurelia Windsor\"},\"sameAs\":[\"https:\/\/www.reelshort.com\/\"],\"url\":\"https:\/\/www.reelshort.com\/es\/fandom\/author\/aurelia-windsor\/\"}]}<\/script>\n<!-- \/ Yoast SEO plugin. -->","yoast_head_json":{"title":"La Venganza Alza El Vuelo Pertagonistas - La Hermandad Falsa entre Eva y Clara - ReelShort Fandom En Espa\u00f1ol","description":"En La Venganza Alza el Vuelo, Eva es v\u00edctima de toda la maldad de Clara y su familia, sin saber que la pobre en verdad es su propia cu\u00f1ada \u00bfSer\u00e1 que habr\u00e1 boda?","robots":{"index":"index","follow":"follow","max-snippet":"max-snippet:-1","max-image-preview":"max-image-preview:large","max-video-preview":"max-video-preview:-1"},"canonical":"https:\/\/www.reelshort.com\/es\/fandom\/eva-y-clara-01-6-c7d988497244\/","og_locale":"es_ES","og_type":"article","og_title":"La Venganza Alza El Vuelo Pertagonistas - La Hermandad Falsa entre Eva y Clara - ReelShort Fandom En Espa\u00f1ol","og_description":"En La Venganza Alza el Vuelo, Eva es v\u00edctima de toda la maldad de Clara y su familia, sin saber que la pobre en verdad es su propia cu\u00f1ada \u00bfSer\u00e1 que habr\u00e1 boda?","og_url":"https:\/\/www.reelshort.com\/es\/fandom\/eva-y-clara-01-6-c7d988497244\/","og_site_name":"ReelShort Fandom En Espa\u00f1ol","article_published_time":"2026-04-27T03:49:18+00:00","article_modified_time":"2026-04-27T03:50:18+00:00","og_image":[{"width":600,"height":400,"url":"https:\/\/www.reelshort.com\/es\/fandom\/wp-content\/uploads\/2026\/04\/La-Venganza-alza-el-vuelo-protagonistas-1.png","type":"image\/png"}],"author":"Aurelia Windsor","twitter_card":"summary_large_image","twitter_misc":{"Escrito por":"Aurelia Windsor","Tiempo de lectura":"8 minutos"},"schema":{"@context":"https:\/\/schema.org","@graph":[{"@type":"WebPage","@id":"https:\/\/www.reelshort.com\/es\/fandom\/eva-y-clara-01-6-c7d988497244\/","url":"https:\/\/www.reelshort.com\/es\/fandom\/eva-y-clara-01-6-c7d988497244\/","name":"La Venganza Alza El Vuelo Pertagonistas - La Hermandad Falsa entre Eva y Clara - ReelShort Fandom En Espa\u00f1ol","isPartOf":{"@id":"https:\/\/www.reelshort.com\/es\/fandom\/#website"},"primaryImageOfPage":{"@id":"https:\/\/www.reelshort.com\/es\/fandom\/eva-y-clara-01-6-c7d988497244\/#primaryimage"},"image":{"@id":"https:\/\/www.reelshort.com\/es\/fandom\/eva-y-clara-01-6-c7d988497244\/#primaryimage"},"thumbnailUrl":"https:\/\/www.reelshort.com\/es\/fandom\/wp-content\/uploads\/2026\/04\/La-Venganza-alza-el-vuelo-protagonistas-1.png","datePublished":"2026-04-27T03:49:18+00:00","dateModified":"2026-04-27T03:50:18+00:00","author":{"@id":"https:\/\/www.reelshort.com\/es\/fandom\/#\/schema\/person\/df702e0befecf536c08c3a534aa9fbb2"},"description":"En La Venganza Alza el Vuelo, Eva es v\u00edctima de toda la maldad de Clara y su familia, sin saber que la pobre en verdad es su propia cu\u00f1ada \u00bfSer\u00e1 que habr\u00e1 boda?","breadcrumb":{"@id":"https:\/\/www.reelshort.com\/es\/fandom\/eva-y-clara-01-6-c7d988497244\/#breadcrumb"},"inLanguage":"es","potentialAction":[{"@type":"ReadAction","target":["https:\/\/www.reelshort.com\/es\/fandom\/eva-y-clara-01-6-c7d988497244\/"]}]},{"@type":"ImageObject","inLanguage":"es","@id":"https:\/\/www.reelshort.com\/es\/fandom\/eva-y-clara-01-6-c7d988497244\/#primaryimage","url":"https:\/\/www.reelshort.com\/es\/fandom\/wp-content\/uploads\/2026\/04\/La-Venganza-alza-el-vuelo-protagonistas-1.png","contentUrl":"https:\/\/www.reelshort.com\/es\/fandom\/wp-content\/uploads\/2026\/04\/La-Venganza-alza-el-vuelo-protagonistas-1.png","width":600,"height":400,"caption":"La Venganza Alza el Vuelo \u00a0introducci\u00f3n"},{"@type":"BreadcrumbList","@id":"https:\/\/www.reelshort.com\/es\/fandom\/eva-y-clara-01-6-c7d988497244\/#breadcrumb","itemListElement":[{"@type":"ListItem","position":1,"name":"Home","item":"https:\/\/www.reelshort.com\/es\/fandom\/"},{"@type":"ListItem","position":2,"name":"La Venganza Alza El Vuelo Pertagonistas &#8211; La Hermandad Falsa entre Eva y Clara"}]},{"@type":"WebSite","@id":"https:\/\/www.reelshort.com\/es\/fandom\/#website","url":"https:\/\/www.reelshort.com\/es\/fandom\/","name":"ReelShort Fandom En Espa\u00f1ol","description":"Para satisfacer toda la curiosidad de los cin\u00e9filos","potentialAction":[{"@type":"SearchAction","target":{"@type":"EntryPoint","urlTemplate":"https:\/\/www.reelshort.com\/es\/fandom\/?s={search_term_string}"},"query-input":{"@type":"PropertyValueSpecification","valueRequired":true,"valueName":"search_term_string"}}],"inLanguage":"es"},{"@type":"Person","@id":"https:\/\/www.reelshort.com\/es\/fandom\/#\/schema\/person\/df702e0befecf536c08c3a534aa9fbb2","name":"Aurelia Windsor","image":{"@type":"ImageObject","inLanguage":"es","@id":"https:\/\/www.reelshort.com\/es\/fandom\/#\/schema\/person\/image\/","url":"https:\/\/secure.gravatar.com\/avatar\/8df2005a06e8a76058ed9c07f50a3e0c91b962f00190fdbc16a7a294724ca100?s=96&d=mm&r=g","contentUrl":"https:\/\/secure.gravatar.com\/avatar\/8df2005a06e8a76058ed9c07f50a3e0c91b962f00190fdbc16a7a294724ca100?s=96&d=mm&r=g","caption":"Aurelia Windsor"},"sameAs":["https:\/\/www.reelshort.com\/"],"url":"https:\/\/www.reelshort.com\/es\/fandom\/author\/aurelia-windsor\/"}]}},"_links":{"self":[{"href":"https:\/\/www.reelshort.com\/es\/fandom\/wp-json\/wp\/v2\/posts\/6095","targetHints":{"allow":["GET"]}}],"collection":[{"href":"https:\/\/www.reelshort.com\/es\/fandom\/wp-json\/wp\/v2\/posts"}],"about":[{"href":"https:\/\/www.reelshort.com\/es\/fandom\/wp-json\/wp\/v2\/types\/post"}],"author":[{"embeddable":true,"href":"https:\/\/www.reelshort.com\/es\/fandom\/wp-json\/wp\/v2\/users\/5"}],"replies":[{"embeddable":true,"href":"https:\/\/www.reelshort.com\/es\/fandom\/wp-json\/wp\/v2\/comments?post=6095"}],"version-history":[{"count":2,"href":"https:\/\/www.reelshort.com\/es\/fandom\/wp-json\/wp\/v2\/posts\/6095\/revisions"}],"predecessor-version":[{"id":6103,"href":"https:\/\/www.reelshort.com\/es\/fandom\/wp-json\/wp\/v2\/posts\/6095\/revisions\/6103"}],"wp:featuredmedia":[{"embeddable":true,"href":"https:\/\/www.reelshort.com\/es\/fandom\/wp-json\/wp\/v2\/media\/6098"}],"wp:attachment":[{"href":"https:\/\/www.reelshort.com\/es\/fandom\/wp-json\/wp\/v2\/media?parent=6095"}],"wp:term":[{"taxonomy":"category","embeddable":true,"href":"https:\/\/www.reelshort.com\/es\/fandom\/wp-json\/wp\/v2\/categories?post=6095"},{"taxonomy":"post_tag","embeddable":true,"href":"https:\/\/www.reelshort.com\/es\/fandom\/wp-json\/wp\/v2\/tags?post=6095"}],"curies":[{"name":"wp","href":"https:\/\/api.w.org\/{rel}","templated":true}]}}