{"id":7605,"date":"2026-07-29T10:49:38","date_gmt":"2026-07-29T02:49:38","guid":{"rendered":"https:\/\/www.reelshort.com\/es\/fandom\/?p=7605"},"modified":"2026-07-29T10:49:50","modified_gmt":"2026-07-29T02:49:50","slug":"me-fui-embarazada-de-ti-elenco-01-2-a3085f407c73","status":"publish","type":"post","link":"https:\/\/www.reelshort.com\/es\/fandom\/me-fui-embarazada-de-ti-elenco-01-2-a3085f407c73\/","title":{"rendered":"Me Fui Embarazada de Ti\u00a0 Reparto \u2013 Lo M\u00e1s Reciente de Reelshort que est\u00e1 Conquistando las Pantallas"},"content":{"rendered":"\n<p class=\"wp-block-paragraph\">Una mucama vive una noche apasionada con un desconocido en apuros y poco despu\u00e9s, descubre que est\u00e1 embarazada. Ricardo de la Vera el CEO m\u00e1s importante del pa\u00eds y jura encontrar a la mujer que le salv\u00f3 la vida y le rob\u00f3 el coraz\u00f3n.<\/p>\n\n\n\n<p class=\"wp-block-paragraph\"><a href=\"https:\/\/www.reelshort.com\/es\/movie\/me-fui-embarazada-de-ti-69def1902cea1356d8037adc\">Me Fui Embarazada de Ti<\/a> es el m\u00e1s reciente estreno que trae <a href=\"https:\/\/www.reelshort.com\/es\/tags\/movie-identities\">Reelshort<\/a> a tu pantalla. Conoce todos los detalles de esta superproducci\u00f3n rom\u00e1ntica que est\u00e1 rompiendo el celof\u00e1n. \u00bfVamos?<\/p>\n\n\n<p><iframe loading=\"lazy\" id=\"reelshort_player\" width=\"600\" height=\"400\" src=\"https:\/\/www.reelshort.com\/es\/embed\/69def1902cea1356d8037adc-rdpg7xgi27?show_controls=true\" title=\"ReelShort video player\" frameBorder=\"0\" allow=\"accelerometer; autoplay; clipboard-write; encrypted-media; gyroscope; picture-in-picture; web-share\" referrerPolicy=\"strict-origin-when-cross-origin\" allowFullScreen ><\/iframe><\/p>\n\n\n<div class=\"wp-block-buttons is-layout-flex wp-block-buttons-is-layout-flex\">\n<div class=\"wp-block-button\"><a class=\"wp-block-button__link wp-element-button\" href=\"https:\/\/www.reelshort.com\/es\/episodes\/episode-1-me-fui-embarazada-de-ti-69def1902cea1356d8037adc-rdpg7xgi27\">Ver Serie Ahora &gt;&gt;<\/a><\/div>\n<\/div>\n\n\n\n<ul class=\"wp-block-list\">\n<li><a href=\"#part1\">Parte 1: Presentamos Me Fui Embarazada de Ti  Reparto \u2013 Conoce a los actores principales del elenco<\/a><\/li>\n\n\n\n<li><a href=\"#part2\">Parte 2: Un Atentado que Une sus Caminos: Breve Adelanto de la Trama de Me Fui Embarazada de Ti<\/a><\/li>\n\n\n\n<li><a href=\"#part3\">Parte 3: Tras de Escena: Curiosidades sobre Me Fui Embarazada de Ti pel\u00edcula completa<\/a><\/li>\n<\/ul>\n\n\n\n<h2 id=\"part1\" class=\"wp-block-heading\">Parte 1: Presentamos Me Fui Embarazada de Ti&nbsp; Reparto \u2013 Conoce a los actores principales del elenco<\/h2>\n\n\n\n<h3 class=\"wp-block-heading\"><a><\/a>Fernanda Muurad\/Paola Josett como Samanta G\u00f3mez<\/h3>\n\n\n\n<figure class=\"wp-block-image size-full\"><img loading=\"lazy\" decoding=\"async\" width=\"600\" height=\"400\" src=\"https:\/\/www.reelshort.com\/es\/fandom\/wp-content\/uploads\/2026\/07\/me-fui-embarazada-de-ti-completa-07.png\" alt=\"Me fui embarazada de ti en espa\u00f1ol\" class=\"wp-image-7611\" srcset=\"https:\/\/www.reelshort.com\/es\/fandom\/wp-content\/uploads\/2026\/07\/me-fui-embarazada-de-ti-completa-07.png 600w, https:\/\/www.reelshort.com\/es\/fandom\/wp-content\/uploads\/2026\/07\/me-fui-embarazada-de-ti-completa-07-300x200.png 300w\" sizes=\"auto, (max-width: 600px) 100vw, 600px\" \/><\/figure>\n\n\n\n<p class=\"wp-block-paragraph\">En esta oportunidad el personaje de Samanta G\u00f3mez es interpretado por dos talentosas actrices mexicanas en ascenso en los dramas verticales y el modelaje.<\/p>\n\n\n\n<p class=\"wp-block-paragraph\">En la etapa joven del personaje, Paola Josett es la encargada de meterse en la piel de este complejo personaje. Esta etapa es clave para entender la transformaci\u00f3n del personaje.<\/p>\n\n\n\n<p class=\"wp-block-paragraph\">Esta bella actriz, hace un estupendo trabajo en mostrarnos esa etapa vulnerable y complicada de Samanta, una chica que sufre maltrato constante de su familia.<\/p>\n\n\n\n<p class=\"wp-block-paragraph\">Por esa raz\u00f3n, en su primer encuentro con Ricardo se sinti\u00f3 tan agusto. \u00c9l es la primera persona que la hace sentir especial y a gusto con sigo misma.<\/p>\n\n\n\n<p class=\"wp-block-paragraph\">Adem\u00e1s, un tiempo despu\u00e9s de esa noche, descubre que est\u00e1 embarazada de un desconocido y de paso, no cuenta con el apoyo de su familia.<\/p>\n\n\n\n<p class=\"wp-block-paragraph\">Con su actuaci\u00f3n, Paola es capaz de reflejar los miedos e inseguridades de su personaje, al mismo tiempo que mantiene su frescura y ternura\u2026<\/p>\n\n\n\n<p class=\"wp-block-paragraph\">Samanta sufre una evoluci\u00f3n despu\u00e9s de tener a su beb\u00e9. Y en su etapa adulta es interpretada por la guapa Fernanda Muurad.<\/p>\n\n\n\n<p class=\"wp-block-paragraph\">Su interpretaci\u00f3n refleja el cambio y la madurez que adquiere el personaje al convertirse en madre y cambiar su vida en pro del futuro de su hija.<\/p>\n\n\n\n<p class=\"wp-block-paragraph\">Ella debe lidiar con el hecho de ser madre soltera y de ser constantemente asediada por su hermano para que se case por dinero.<\/p>\n\n\n\n<p class=\"wp-block-paragraph\">Es una madre muy dulce, capaz de hacer lo que sea por su hija y que intenta todos los d\u00edas ser la mam\u00e1 que nunca tuvo.<\/p>\n\n\n\n<h3 class=\"wp-block-heading\"><a><\/a>Alexis Ceballos como Ricardo de la Vera<\/h3>\n\n\n\n<figure class=\"wp-block-image size-full\"><img loading=\"lazy\" decoding=\"async\" width=\"600\" height=\"400\" src=\"https:\/\/www.reelshort.com\/es\/fandom\/wp-content\/uploads\/2026\/07\/me-fui-embarazada-de-ti-completa-02.png\" alt=\"Me Fui Embarazada de Ti  completo\" class=\"wp-image-7606\" srcset=\"https:\/\/www.reelshort.com\/es\/fandom\/wp-content\/uploads\/2026\/07\/me-fui-embarazada-de-ti-completa-02.png 600w, https:\/\/www.reelshort.com\/es\/fandom\/wp-content\/uploads\/2026\/07\/me-fui-embarazada-de-ti-completa-02-300x200.png 300w\" sizes=\"auto, (max-width: 600px) 100vw, 600px\" \/><\/figure>\n\n\n\n<p class=\"wp-block-paragraph\">El nuevo gal\u00e1n que lleg\u00f3 a robarnos el coraz\u00f3n es interpretado por el talentoso actor y modelo mexicano, Alexis Ceballos. Tiene como tarea dar vida a Ricardo de la Vera.<\/p>\n\n\n\n<p class=\"wp-block-paragraph\">Ricardo es un poderoso CE, que le gusta mantener un perfil bajo, por eso son pocas las personas que han tenido la oportunidad de ver su rostro.<\/p>\n\n\n\n<p class=\"wp-block-paragraph\">Mantiene un conflicto con su hermano Francisco, por el control de la empresa. En este caso, su hermano quiere apoderarse de todo lo que ha construido.<\/p>\n\n\n\n<p class=\"wp-block-paragraph\">Esa es la raz\u00f3n por la que la historia comienza con la ejecuci\u00f3n de un despiadado plan para deshacerse de \u00e9l. El desencadenante de la trama.&nbsp;<\/p>\n\n\n\n<p class=\"wp-block-paragraph\">Gracias a ese incidente \u2013 por as\u00ed decirlo \u2013 es que las vidas de Ricardo y Samanta se cruzan por primera vez.<\/p>\n\n\n\n<p class=\"wp-block-paragraph\">Desde el primer instante, Ricardo queda flechazo por la belleza y la ternura de Samanta. Adem\u00e1s, del hecho que es su salvadora.<\/p>\n\n\n\n<p class=\"wp-block-paragraph\">La cuesti\u00f3n es que despu\u00e9s de aquel encuentro no vuelve a saber nada de ella, lo \u00fanico que tiene para comprobar que no fue un sue\u00f1o, es un arete.<\/p>\n\n\n\n<p class=\"wp-block-paragraph\">Desde ese entonces, se dedic\u00f3 a buscarla por todas partes sin ning\u00fan \u00e9xito. El destino vuelve a reunirlo, pero ambos son incapaces de reconocerse.<\/p>\n\n\n\n<h3 class=\"wp-block-heading\"><a><\/a>Gonzalo Aburto como Miguel G\u00f3mez \/ Alan Alarc\u00f3n como Francisco de la Vera<\/h3>\n\n\n\n<figure class=\"wp-block-image size-full\"><img loading=\"lazy\" decoding=\"async\" width=\"600\" height=\"400\" src=\"https:\/\/www.reelshort.com\/es\/fandom\/wp-content\/uploads\/2026\/07\/me-fui-embarazada-de-ti-completa-03.png\" alt=\"Me fui embarazada de ti dailymotion en espa\u00f1ol\" class=\"wp-image-7607\" srcset=\"https:\/\/www.reelshort.com\/es\/fandom\/wp-content\/uploads\/2026\/07\/me-fui-embarazada-de-ti-completa-03.png 600w, https:\/\/www.reelshort.com\/es\/fandom\/wp-content\/uploads\/2026\/07\/me-fui-embarazada-de-ti-completa-03-300x200.png 300w\" sizes=\"auto, (max-width: 600px) 100vw, 600px\" \/><\/figure>\n\n\n\n<p class=\"wp-block-paragraph\">El villano insufrible de esta historia, es el hermano de Samanta, interpretado por el guapo actor y modelo mexicano Gonzalo Aburto.<\/p>\n\n\n\n<p class=\"wp-block-paragraph\">Gonzalo posee una amplia carrera en televisi\u00f3n y teatro. Due\u00f1o de una versatilidad majestuosa, nos ha regalado un villano con todas las de la ley.<\/p>\n\n\n\n<p class=\"wp-block-paragraph\">Miguel es ego\u00edsta y aprovechado, que siempre vi\u00f3 a su hermana como un negocio o una fuente de ingresos.<\/p>\n\n\n\n<p class=\"wp-block-paragraph\">Est\u00e1 empe\u00f1ado en forzar a Samanta a casarse con el Sr Gutierrez para conseguir un ascenso, sin importarle su bienestar ni el de su sobrina.<\/p>\n\n\n\n<div class=\"wp-block-buttons is-layout-flex wp-block-buttons-is-layout-flex\">\n<div class=\"wp-block-button\"><a class=\"wp-block-button__link wp-element-button\" href=\"https:\/\/www.reelshort.com\/es\/episodes\/episode-1-me-fui-embarazada-de-ti-69def1902cea1356d8037adc-rdpg7xgi27\">Ver Serie Ahora &gt;&gt;<\/a><\/div>\n<\/div>\n\n\n\n<p class=\"wp-block-paragraph\">Por dinero, es capaz de hacer cualquier cosa y conspira sin dudarlo en contra de la felicidad de los protagonistas\u2026<\/p>\n\n\n\n<p class=\"wp-block-paragraph\">Otro villano emblem\u00e1tico dentro de la historia, es Francisco de la Vera, en la piel del talentoso y consolidado actor&nbsp; Al\u00e1n Alarc\u00f3n.<\/p>\n\n\n\n<p class=\"wp-block-paragraph\">Quien hace un estupendo trabajo al interpretar al ambicioso y despiadado hermano de Ricardo de la Vera, la mente maestra detr\u00e1s de sus atentados.&nbsp;<\/p>\n\n\n\n<h3 class=\"wp-block-heading\"><a><\/a>Informaci\u00f3n adicional del elenco<\/h3>\n\n\n\n<ul class=\"wp-block-list\">\n<li>Lua Guzm\u00e1n como Lily<\/li>\n\n\n\n<li>Lorena Bargall\u00f3 como Jennifer Zapata<\/li>\n\n\n\n<li>Luciana Gonz\u00e1lez de Le\u00f3n como Valeria Rodr\u00edguez<\/li>\n\n\n\n<li>Alan Alarc\u00f3n como Francisco De la Vera<\/li>\n\n\n\n<li>Nelly Lacayo como Rosaura De la Vera<\/li>\n\n\n\n<li>Deborah Rios como Deborah<\/li>\n\n\n\n<li>Agustin Ocegueda como Fernando Guti\u00e9rrez<\/li>\n\n\n\n<li>Jade Fraser como Fiona<\/li>\n\n\n\n<li>Ren\u00e9 Arellano como Zacar\u00edas Hern\u00e1ndez<\/li>\n\n\n\n<li>Sally Lessig como Recepcionista 1<\/li>\n\n\n\n<li>Sara Cornejo como Recepcionista 2<\/li>\n\n\n\n<li>Alexis Salazar como Banquero Far\u00edas<\/li>\n\n\n\n<li>Miriam G\u00f3mez como Fiona (16)<\/li>\n\n\n\n<li>Ashley Meza como Jennifer (16)<\/li>\n\n\n\n<li>Sebastian Becerril como Encargado de Alberca<\/li>\n\n\n\n<li>Andr\u00e9 Musich como Abogado Arturo<\/li>\n\n\n\n<li>Natalia Benvenuto como Doctora<\/li>\n\n\n\n<li>Mario Fournier como Guarura Laguna 1<\/li>\n\n\n\n<li>Arturo Nava como Guarura Laguna 2<\/li>\n\n\n\n<li>Arturo Gonz\u00e1lez como Pastor<\/li>\n\n\n\n<li>Jorge Alejandro Ram\u00edrez como Polic\u00eda 1<\/li>\n\n\n\n<li>Hugo Emmanuel Pi\u00f1a como Polic\u00eda 2<\/li>\n\n\n\n<li>Axel Yael Ram\u00edrez como Polic\u00eda 3<\/li>\n\n\n\n<li>Noe Apaez Casarrubias como Hombre Guti\u00e9rrez<\/li>\n\n\n\n<li>Alexandra Guadarrama como Sirvienta<\/li>\n<\/ul>\n\n\n\n<h2 id=\"part2\" class=\"wp-block-heading\">Parte 2: Un Atentado que Une sus Caminos: Breve Adelanto de la Trama de Me Fui Embarazada de Ti<\/h2>\n\n\n\n<h3 class=\"wp-block-heading\"><a><\/a>Flechado por el \u00e1ngel que lo salv\u00f3<\/h3>\n\n\n\n<figure class=\"wp-block-image size-full\"><img loading=\"lazy\" decoding=\"async\" width=\"600\" height=\"400\" src=\"https:\/\/www.reelshort.com\/es\/fandom\/wp-content\/uploads\/2026\/07\/me-fui-embarazada-de-ti-completa-01.png\" alt=\"Me fui embarazada de ti drama\" class=\"wp-image-7614\" srcset=\"https:\/\/www.reelshort.com\/es\/fandom\/wp-content\/uploads\/2026\/07\/me-fui-embarazada-de-ti-completa-01.png 600w, https:\/\/www.reelshort.com\/es\/fandom\/wp-content\/uploads\/2026\/07\/me-fui-embarazada-de-ti-completa-01-300x200.png 300w\" sizes=\"auto, (max-width: 600px) 100vw, 600px\" \/><\/figure>\n\n\n\n<p class=\"wp-block-paragraph\">Esta historia es de las que tiene un inicio fuerte. Todo inicia con el atentado que sufre Ricardo de la Vera en la piscina de un hotel por parte de su hermano.<\/p>\n\n\n\n<p class=\"wp-block-paragraph\">Despu\u00e9s de haber colocado fuerte sedante en su bebida, lo empuj\u00f3 a la piscina para que el agua se encargue de hacer el resto.<\/p>\n\n\n\n<p class=\"wp-block-paragraph\">Francisco nunca imagin\u00f3, que una joven mucama estar\u00eda lo suficientemente cerca para salvarle la vida. Samanta se lanza al agua sin pensarlo dos veces.<\/p>\n\n\n\n<p class=\"wp-block-paragraph\">Cuando logra rescatarlo, Ricardo la abraza y no encuentra palabras para expresar su agradecimiento. Al mismo tiempo, siente una atracci\u00f3n incontrolable hacia ella.<\/p>\n\n\n\n<p class=\"wp-block-paragraph\">Samanta, que no est\u00e1 acostumbrada a recibir un trato tan especial, no sabe c\u00f3mo reaccionar. Pero, Ricardo se encarga de hacerla sentir la mujer m\u00e1s hermosa del mundo.<\/p>\n\n\n\n<p class=\"wp-block-paragraph\">Juntos comparten un apasionado momento, que se queda grabado en sus memorias. El problema, es que los recuerdos de los dos son borrosos por motivos diferentes.<\/p>\n\n\n\n<p class=\"wp-block-paragraph\">Samanta perdi\u00f3 sus lentes al entrar en el agua y Ricardo estaba parcialmente dopado, aunque \u00e9l puede recordar m\u00e1s detalles.<\/p>\n\n\n\n<p class=\"wp-block-paragraph\">Poco tiempo despu\u00e9s, Samanta descubre que est\u00e1 embarazada de un desconocido y aunque su familia no est\u00e1 de acuerdo decide tener al beb\u00e9.<\/p>\n\n\n\n<p class=\"wp-block-paragraph\">Mientras que Ricardo, lo \u00fanico que tiene para dar con su paradero es un zarcillo de mariposa que dej\u00f3 caer aquella noche en la piscina.<\/p>\n\n\n\n<h3 class=\"wp-block-heading\"><a><\/a>Cinco a\u00f1os despu\u00e9s&nbsp;<\/h3>\n\n\n\n<figure class=\"wp-block-image size-full\"><img loading=\"lazy\" decoding=\"async\" width=\"600\" height=\"400\" src=\"https:\/\/www.reelshort.com\/es\/fandom\/wp-content\/uploads\/2026\/07\/me-fui-embarazada-de-ti-completa-09.png\" alt=\"Me fui embarazada de ti serie\" class=\"wp-image-7613\" srcset=\"https:\/\/www.reelshort.com\/es\/fandom\/wp-content\/uploads\/2026\/07\/me-fui-embarazada-de-ti-completa-09.png 600w, https:\/\/www.reelshort.com\/es\/fandom\/wp-content\/uploads\/2026\/07\/me-fui-embarazada-de-ti-completa-09-300x200.png 300w\" sizes=\"auto, (max-width: 600px) 100vw, 600px\" \/><\/figure>\n\n\n\n<p class=\"wp-block-paragraph\">Contra todo pron\u00f3stico, Samanta se convierte en madre de una hermosa ni\u00f1a a la que nombre Lily, la raz\u00f3n de su vida.<\/p>\n\n\n\n<p class=\"wp-block-paragraph\">Despu\u00e9s de las dificultades que enfrent\u00f3 al momento del parto, tom\u00f3 la decisi\u00f3n de hacer cambios en su rutina tanto por su bien como por el de su beb\u00e9.<\/p>\n\n\n\n<p class=\"wp-block-paragraph\">Cinco a\u00f1os despu\u00e9s, Samanta es una madre renovada, amorosa y muy trabajadora, dedicada en cuerpo y alma a la crianza de su hija.<\/p>\n\n\n\n<p class=\"wp-block-paragraph\">Aunque sus inseguridades y problemas de autoestima disminuyeron, sigue enfrentando los mismos problemas con su familia y hasta peores.<\/p>\n\n\n\n<div class=\"wp-block-buttons is-layout-flex wp-block-buttons-is-layout-flex\">\n<div class=\"wp-block-button\"><a class=\"wp-block-button__link wp-element-button\" href=\"https:\/\/www.reelshort.com\/es\/episodes\/episode-1-me-fui-embarazada-de-ti-69def1902cea1356d8037adc-rdpg7xgi27\">Ver Serie Ahora &gt;&gt;<\/a><\/div>\n<\/div>\n\n\n\n<p class=\"wp-block-paragraph\">Ahora que ha cambiado, su hermano la presiona para que se case por dinero con el Sr Gutierrez. Quiere venderla como una mercanc\u00eda.<\/p>\n\n\n\n<p class=\"wp-block-paragraph\">Sus constantes decisiones son la raz\u00f3n por la que Samanta y Ricardo vuelven a encontrarse, pues cuando Miguel pierde los estribos en el trabajo de su hermana.<\/p>\n\n\n\n<p class=\"wp-block-paragraph\">Ricardo aparece como el apuesto pr\u00edncipe azul que llega a rescatarla. Y no solo eso, despu\u00e9s de ponerlo en su sitio, le propone un matrimonio por conveniencia.<\/p>\n\n\n\n<p class=\"wp-block-paragraph\">Todo esto, sin saber que es la mujer que ha buscado en los \u00faltimos cinco a\u00f1os y que adem\u00e1s tiene una hija con ella. \u00bfCu\u00e1nto tardar\u00e1 en darse cuenta?<\/p>\n\n\n\n<h2 id=\"part3\" class=\"wp-block-heading\">Parte 3: Tras de Escena: Curiosidades sobre Me Fui Embarazada de Ti pel\u00edcula completa<\/h2>\n\n\n\n<figure class=\"wp-block-image size-full\"><img loading=\"lazy\" decoding=\"async\" width=\"600\" height=\"400\" src=\"https:\/\/www.reelshort.com\/es\/fandom\/wp-content\/uploads\/2026\/07\/me-fui-embarazada-de-ti-completa-08.png\" alt=\"Me fui embarazada de ti final\" class=\"wp-image-7612\" srcset=\"https:\/\/www.reelshort.com\/es\/fandom\/wp-content\/uploads\/2026\/07\/me-fui-embarazada-de-ti-completa-08.png 600w, https:\/\/www.reelshort.com\/es\/fandom\/wp-content\/uploads\/2026\/07\/me-fui-embarazada-de-ti-completa-08-300x200.png 300w\" sizes=\"auto, (max-width: 600px) 100vw, 600px\" \/><\/figure>\n\n\n\n<p class=\"wp-block-paragraph\">Al igual que muchas de las geniales producciones de Reelshort en espa\u00f1ol, la filmaci\u00f3n de Me fui embarazada de ti, est\u00e1 llena de detalles divertidos y curiosidades.<\/p>\n\n\n\n<p class=\"wp-block-paragraph\">Podemos encontrar muchos de los momentos detr\u00e1s escenas con la etiqueta: Lo que pas\u00f3 cuando las c\u00e1maras dejaron de grabar. \u2013 \u00a1Est\u00e1n buen\u00edsimos! \u2013<\/p>\n\n\n\n<p class=\"wp-block-paragraph\">Este drama vertical fue grabado en locaciones de Montevideo y Punta del Este, Uruguay, gracias a la colaboraci\u00f3n con marcas locales.<\/p>\n\n\n\n<p class=\"wp-block-paragraph\">La producci\u00f3n revel\u00f3 que la escena del clavado de Samanta en la piscina para rescatar a Ricardo, necesit\u00f3 varias tomas. Dejando a su paso risas y mucha agua.<\/p>\n\n\n\n<p class=\"wp-block-paragraph\">Absolutamente vali\u00f3 la pena el esfuerzo y que quedaran empapados, pues lograron un impacto visual que quer\u00edan.<\/p>\n\n\n\n<p class=\"wp-block-paragraph\">La serie est\u00e1 grabada con miras al mercado internacional y por eso los actores alternaban expresiones o aseguraban sincronizaci\u00f3n labial para mejorar el doblaje.<\/p>\n\n\n\n<p class=\"wp-block-paragraph\">Por otro lado, no podemos dejar de hablar de la chispa de la peque\u00f1a LiLy, la preciosa Lua Guzman tiene enamorados a todos tanto dentro como fuera del set.<\/p>\n\n\n\n<p class=\"wp-block-paragraph\">Disfruta esta superproducci\u00f3n a trav\u00e9s de reelshort, descargando la app o haciendo clic en el enlace.<\/p>\n\n\n\n<div class=\"wp-block-buttons is-layout-flex wp-block-buttons-is-layout-flex\">\n<div class=\"wp-block-button\"><a class=\"wp-block-button__link wp-element-button\" href=\"https:\/\/www.reelshort.com\/es\/episodes\/episode-1-me-fui-embarazada-de-ti-69def1902cea1356d8037adc-rdpg7xgi27\">Ver Serie Ahora &gt;&gt;<\/a><\/div>\n<\/div>\n\n\n\n<p class=\"wp-block-paragraph\"><\/p>\n","protected":false},"excerpt":{"rendered":"<p>Una mucama vive una noche apasionada con un desconocido en apuros y poco despu\u00e9s, descubre que est\u00e1 embarazada. Ricardo de [&hellip;]<\/p>\n","protected":false},"author":5,"featured_media":7608,"comment_status":"open","ping_status":"open","sticky":false,"template":"","format":"standard","meta":{"footnotes":""},"categories":[12],"tags":[],"class_list":["post-7605","post","type-post","status-publish","format-standard","has-post-thumbnail","hentry","category-lista-de-pelicula-casting"],"yoast_head":"<!-- This site is optimized with the Yoast SEO plugin v24.0 - https:\/\/yoast.com\/wordpress\/plugins\/seo\/ -->\n<title>Me Fui Embarazada de Ti\u00a0 Reparto \u2013 Lo M\u00e1s Reciente de Reelshort que est\u00e1 Conquistando las Pantallas - ReelShort Fandom En Espa\u00f1ol<\/title>\n<meta name=\"description\" content=\"Despu\u00e9s de salvar la vida de un millonario en apuros y vivir un momento apasionado con \u00e9l, Samanta desaparece sin tener idea que estaba embarazada del CEO Ricardo de la Vera.\" \/>\n<meta name=\"robots\" content=\"index, follow, max-snippet:-1, max-image-preview:large, max-video-preview:-1\" \/>\n<link rel=\"canonical\" href=\"https:\/\/www.reelshort.com\/es\/fandom\/me-fui-embarazada-de-ti-elenco-01-2-a3085f407c73\/\" \/>\n<meta property=\"og:locale\" content=\"es_ES\" \/>\n<meta property=\"og:type\" content=\"article\" \/>\n<meta property=\"og:title\" content=\"Me Fui Embarazada de Ti\u00a0 Reparto \u2013 Lo M\u00e1s Reciente de Reelshort que est\u00e1 Conquistando las Pantallas - ReelShort Fandom En Espa\u00f1ol\" \/>\n<meta property=\"og:description\" content=\"Despu\u00e9s de salvar la vida de un millonario en apuros y vivir un momento apasionado con \u00e9l, Samanta desaparece sin tener idea que estaba embarazada del CEO Ricardo de la Vera.\" \/>\n<meta property=\"og:url\" content=\"https:\/\/www.reelshort.com\/es\/fandom\/me-fui-embarazada-de-ti-elenco-01-2-a3085f407c73\/\" \/>\n<meta property=\"og:site_name\" content=\"ReelShort Fandom En Espa\u00f1ol\" \/>\n<meta property=\"article:published_time\" content=\"2026-07-29T02:49:38+00:00\" \/>\n<meta property=\"article:modified_time\" content=\"2026-07-29T02:49:50+00:00\" \/>\n<meta property=\"og:image\" content=\"https:\/\/www.reelshort.com\/es\/fandom\/wp-content\/uploads\/2026\/07\/me-fui-embarazada-de-ti-completa-04.png\" \/>\n\t<meta property=\"og:image:width\" content=\"600\" \/>\n\t<meta property=\"og:image:height\" content=\"400\" \/>\n\t<meta property=\"og:image:type\" content=\"image\/png\" \/>\n<meta name=\"author\" content=\"Aurelia Windsor\" \/>\n<meta name=\"twitter:card\" content=\"summary_large_image\" \/>\n<meta name=\"twitter:label1\" content=\"Escrito por\" \/>\n\t<meta name=\"twitter:data1\" content=\"Aurelia Windsor\" \/>\n\t<meta name=\"twitter:label2\" content=\"Tiempo de lectura\" \/>\n\t<meta name=\"twitter:data2\" content=\"9 minutos\" \/>\n<script type=\"application\/ld+json\" class=\"yoast-schema-graph\">{\"@context\":\"https:\/\/schema.org\",\"@graph\":[{\"@type\":\"WebPage\",\"@id\":\"https:\/\/www.reelshort.com\/es\/fandom\/me-fui-embarazada-de-ti-elenco-01-2-a3085f407c73\/\",\"url\":\"https:\/\/www.reelshort.com\/es\/fandom\/me-fui-embarazada-de-ti-elenco-01-2-a3085f407c73\/\",\"name\":\"Me Fui Embarazada de Ti\u00a0 Reparto \u2013 Lo M\u00e1s Reciente de Reelshort que est\u00e1 Conquistando las Pantallas - ReelShort Fandom En Espa\u00f1ol\",\"isPartOf\":{\"@id\":\"https:\/\/www.reelshort.com\/es\/fandom\/#website\"},\"primaryImageOfPage\":{\"@id\":\"https:\/\/www.reelshort.com\/es\/fandom\/me-fui-embarazada-de-ti-elenco-01-2-a3085f407c73\/#primaryimage\"},\"image\":{\"@id\":\"https:\/\/www.reelshort.com\/es\/fandom\/me-fui-embarazada-de-ti-elenco-01-2-a3085f407c73\/#primaryimage\"},\"thumbnailUrl\":\"https:\/\/www.reelshort.com\/es\/fandom\/wp-content\/uploads\/2026\/07\/me-fui-embarazada-de-ti-completa-04.png\",\"datePublished\":\"2026-07-29T02:49:38+00:00\",\"dateModified\":\"2026-07-29T02:49:50+00:00\",\"author\":{\"@id\":\"https:\/\/www.reelshort.com\/es\/fandom\/#\/schema\/person\/df702e0befecf536c08c3a534aa9fbb2\"},\"description\":\"Despu\u00e9s de salvar la vida de un millonario en apuros y vivir un momento apasionado con \u00e9l, Samanta desaparece sin tener idea que estaba embarazada del CEO Ricardo de la Vera.\",\"breadcrumb\":{\"@id\":\"https:\/\/www.reelshort.com\/es\/fandom\/me-fui-embarazada-de-ti-elenco-01-2-a3085f407c73\/#breadcrumb\"},\"inLanguage\":\"es\",\"potentialAction\":[{\"@type\":\"ReadAction\",\"target\":[\"https:\/\/www.reelshort.com\/es\/fandom\/me-fui-embarazada-de-ti-elenco-01-2-a3085f407c73\/\"]}]},{\"@type\":\"ImageObject\",\"inLanguage\":\"es\",\"@id\":\"https:\/\/www.reelshort.com\/es\/fandom\/me-fui-embarazada-de-ti-elenco-01-2-a3085f407c73\/#primaryimage\",\"url\":\"https:\/\/www.reelshort.com\/es\/fandom\/wp-content\/uploads\/2026\/07\/me-fui-embarazada-de-ti-completa-04.png\",\"contentUrl\":\"https:\/\/www.reelshort.com\/es\/fandom\/wp-content\/uploads\/2026\/07\/me-fui-embarazada-de-ti-completa-04.png\",\"width\":600,\"height\":400,\"caption\":\"Me fui embarazada de ti dailymotion\"},{\"@type\":\"BreadcrumbList\",\"@id\":\"https:\/\/www.reelshort.com\/es\/fandom\/me-fui-embarazada-de-ti-elenco-01-2-a3085f407c73\/#breadcrumb\",\"itemListElement\":[{\"@type\":\"ListItem\",\"position\":1,\"name\":\"Home\",\"item\":\"https:\/\/www.reelshort.com\/es\/fandom\/\"},{\"@type\":\"ListItem\",\"position\":2,\"name\":\"Me Fui Embarazada de Ti\u00a0 Reparto \u2013 Lo M\u00e1s Reciente de Reelshort que est\u00e1 Conquistando las Pantallas\"}]},{\"@type\":\"WebSite\",\"@id\":\"https:\/\/www.reelshort.com\/es\/fandom\/#website\",\"url\":\"https:\/\/www.reelshort.com\/es\/fandom\/\",\"name\":\"ReelShort Fandom En Espa\u00f1ol\",\"description\":\"Para satisfacer toda la curiosidad de los cin\u00e9filos\",\"potentialAction\":[{\"@type\":\"SearchAction\",\"target\":{\"@type\":\"EntryPoint\",\"urlTemplate\":\"https:\/\/www.reelshort.com\/es\/fandom\/?s={search_term_string}\"},\"query-input\":{\"@type\":\"PropertyValueSpecification\",\"valueRequired\":true,\"valueName\":\"search_term_string\"}}],\"inLanguage\":\"es\"},{\"@type\":\"Person\",\"@id\":\"https:\/\/www.reelshort.com\/es\/fandom\/#\/schema\/person\/df702e0befecf536c08c3a534aa9fbb2\",\"name\":\"Aurelia Windsor\",\"image\":{\"@type\":\"ImageObject\",\"inLanguage\":\"es\",\"@id\":\"https:\/\/www.reelshort.com\/es\/fandom\/#\/schema\/person\/image\/\",\"url\":\"https:\/\/secure.gravatar.com\/avatar\/8df2005a06e8a76058ed9c07f50a3e0c91b962f00190fdbc16a7a294724ca100?s=96&d=mm&r=g\",\"contentUrl\":\"https:\/\/secure.gravatar.com\/avatar\/8df2005a06e8a76058ed9c07f50a3e0c91b962f00190fdbc16a7a294724ca100?s=96&d=mm&r=g\",\"caption\":\"Aurelia Windsor\"},\"sameAs\":[\"https:\/\/www.reelshort.com\/\"],\"url\":\"https:\/\/www.reelshort.com\/es\/fandom\/author\/aurelia-windsor\/\"}]}<\/script>\n<!-- \/ Yoast SEO plugin. -->","yoast_head_json":{"title":"Me Fui Embarazada de Ti\u00a0 Reparto \u2013 Lo M\u00e1s Reciente de Reelshort que est\u00e1 Conquistando las Pantallas - ReelShort Fandom En Espa\u00f1ol","description":"Despu\u00e9s de salvar la vida de un millonario en apuros y vivir un momento apasionado con \u00e9l, Samanta desaparece sin tener idea que estaba embarazada del CEO Ricardo de la Vera.","robots":{"index":"index","follow":"follow","max-snippet":"max-snippet:-1","max-image-preview":"max-image-preview:large","max-video-preview":"max-video-preview:-1"},"canonical":"https:\/\/www.reelshort.com\/es\/fandom\/me-fui-embarazada-de-ti-elenco-01-2-a3085f407c73\/","og_locale":"es_ES","og_type":"article","og_title":"Me Fui Embarazada de Ti\u00a0 Reparto \u2013 Lo M\u00e1s Reciente de Reelshort que est\u00e1 Conquistando las Pantallas - ReelShort Fandom En Espa\u00f1ol","og_description":"Despu\u00e9s de salvar la vida de un millonario en apuros y vivir un momento apasionado con \u00e9l, Samanta desaparece sin tener idea que estaba embarazada del CEO Ricardo de la Vera.","og_url":"https:\/\/www.reelshort.com\/es\/fandom\/me-fui-embarazada-de-ti-elenco-01-2-a3085f407c73\/","og_site_name":"ReelShort Fandom En Espa\u00f1ol","article_published_time":"2026-07-29T02:49:38+00:00","article_modified_time":"2026-07-29T02:49:50+00:00","og_image":[{"width":600,"height":400,"url":"https:\/\/www.reelshort.com\/es\/fandom\/wp-content\/uploads\/2026\/07\/me-fui-embarazada-de-ti-completa-04.png","type":"image\/png"}],"author":"Aurelia Windsor","twitter_card":"summary_large_image","twitter_misc":{"Escrito por":"Aurelia Windsor","Tiempo de lectura":"9 minutos"},"schema":{"@context":"https:\/\/schema.org","@graph":[{"@type":"WebPage","@id":"https:\/\/www.reelshort.com\/es\/fandom\/me-fui-embarazada-de-ti-elenco-01-2-a3085f407c73\/","url":"https:\/\/www.reelshort.com\/es\/fandom\/me-fui-embarazada-de-ti-elenco-01-2-a3085f407c73\/","name":"Me Fui Embarazada de Ti\u00a0 Reparto \u2013 Lo M\u00e1s Reciente de Reelshort que est\u00e1 Conquistando las Pantallas - ReelShort Fandom En Espa\u00f1ol","isPartOf":{"@id":"https:\/\/www.reelshort.com\/es\/fandom\/#website"},"primaryImageOfPage":{"@id":"https:\/\/www.reelshort.com\/es\/fandom\/me-fui-embarazada-de-ti-elenco-01-2-a3085f407c73\/#primaryimage"},"image":{"@id":"https:\/\/www.reelshort.com\/es\/fandom\/me-fui-embarazada-de-ti-elenco-01-2-a3085f407c73\/#primaryimage"},"thumbnailUrl":"https:\/\/www.reelshort.com\/es\/fandom\/wp-content\/uploads\/2026\/07\/me-fui-embarazada-de-ti-completa-04.png","datePublished":"2026-07-29T02:49:38+00:00","dateModified":"2026-07-29T02:49:50+00:00","author":{"@id":"https:\/\/www.reelshort.com\/es\/fandom\/#\/schema\/person\/df702e0befecf536c08c3a534aa9fbb2"},"description":"Despu\u00e9s de salvar la vida de un millonario en apuros y vivir un momento apasionado con \u00e9l, Samanta desaparece sin tener idea que estaba embarazada del CEO Ricardo de la Vera.","breadcrumb":{"@id":"https:\/\/www.reelshort.com\/es\/fandom\/me-fui-embarazada-de-ti-elenco-01-2-a3085f407c73\/#breadcrumb"},"inLanguage":"es","potentialAction":[{"@type":"ReadAction","target":["https:\/\/www.reelshort.com\/es\/fandom\/me-fui-embarazada-de-ti-elenco-01-2-a3085f407c73\/"]}]},{"@type":"ImageObject","inLanguage":"es","@id":"https:\/\/www.reelshort.com\/es\/fandom\/me-fui-embarazada-de-ti-elenco-01-2-a3085f407c73\/#primaryimage","url":"https:\/\/www.reelshort.com\/es\/fandom\/wp-content\/uploads\/2026\/07\/me-fui-embarazada-de-ti-completa-04.png","contentUrl":"https:\/\/www.reelshort.com\/es\/fandom\/wp-content\/uploads\/2026\/07\/me-fui-embarazada-de-ti-completa-04.png","width":600,"height":400,"caption":"Me fui embarazada de ti dailymotion"},{"@type":"BreadcrumbList","@id":"https:\/\/www.reelshort.com\/es\/fandom\/me-fui-embarazada-de-ti-elenco-01-2-a3085f407c73\/#breadcrumb","itemListElement":[{"@type":"ListItem","position":1,"name":"Home","item":"https:\/\/www.reelshort.com\/es\/fandom\/"},{"@type":"ListItem","position":2,"name":"Me Fui Embarazada de Ti\u00a0 Reparto \u2013 Lo M\u00e1s Reciente de Reelshort que est\u00e1 Conquistando las Pantallas"}]},{"@type":"WebSite","@id":"https:\/\/www.reelshort.com\/es\/fandom\/#website","url":"https:\/\/www.reelshort.com\/es\/fandom\/","name":"ReelShort Fandom En Espa\u00f1ol","description":"Para satisfacer toda la curiosidad de los cin\u00e9filos","potentialAction":[{"@type":"SearchAction","target":{"@type":"EntryPoint","urlTemplate":"https:\/\/www.reelshort.com\/es\/fandom\/?s={search_term_string}"},"query-input":{"@type":"PropertyValueSpecification","valueRequired":true,"valueName":"search_term_string"}}],"inLanguage":"es"},{"@type":"Person","@id":"https:\/\/www.reelshort.com\/es\/fandom\/#\/schema\/person\/df702e0befecf536c08c3a534aa9fbb2","name":"Aurelia Windsor","image":{"@type":"ImageObject","inLanguage":"es","@id":"https:\/\/www.reelshort.com\/es\/fandom\/#\/schema\/person\/image\/","url":"https:\/\/secure.gravatar.com\/avatar\/8df2005a06e8a76058ed9c07f50a3e0c91b962f00190fdbc16a7a294724ca100?s=96&d=mm&r=g","contentUrl":"https:\/\/secure.gravatar.com\/avatar\/8df2005a06e8a76058ed9c07f50a3e0c91b962f00190fdbc16a7a294724ca100?s=96&d=mm&r=g","caption":"Aurelia Windsor"},"sameAs":["https:\/\/www.reelshort.com\/"],"url":"https:\/\/www.reelshort.com\/es\/fandom\/author\/aurelia-windsor\/"}]}},"_links":{"self":[{"href":"https:\/\/www.reelshort.com\/es\/fandom\/wp-json\/wp\/v2\/posts\/7605","targetHints":{"allow":["GET"]}}],"collection":[{"href":"https:\/\/www.reelshort.com\/es\/fandom\/wp-json\/wp\/v2\/posts"}],"about":[{"href":"https:\/\/www.reelshort.com\/es\/fandom\/wp-json\/wp\/v2\/types\/post"}],"author":[{"embeddable":true,"href":"https:\/\/www.reelshort.com\/es\/fandom\/wp-json\/wp\/v2\/users\/5"}],"replies":[{"embeddable":true,"href":"https:\/\/www.reelshort.com\/es\/fandom\/wp-json\/wp\/v2\/comments?post=7605"}],"version-history":[{"count":1,"href":"https:\/\/www.reelshort.com\/es\/fandom\/wp-json\/wp\/v2\/posts\/7605\/revisions"}],"predecessor-version":[{"id":7615,"href":"https:\/\/www.reelshort.com\/es\/fandom\/wp-json\/wp\/v2\/posts\/7605\/revisions\/7615"}],"wp:featuredmedia":[{"embeddable":true,"href":"https:\/\/www.reelshort.com\/es\/fandom\/wp-json\/wp\/v2\/media\/7608"}],"wp:attachment":[{"href":"https:\/\/www.reelshort.com\/es\/fandom\/wp-json\/wp\/v2\/media?parent=7605"}],"wp:term":[{"taxonomy":"category","embeddable":true,"href":"https:\/\/www.reelshort.com\/es\/fandom\/wp-json\/wp\/v2\/categories?post=7605"},{"taxonomy":"post_tag","embeddable":true,"href":"https:\/\/www.reelshort.com\/es\/fandom\/wp-json\/wp\/v2\/tags?post=7605"}],"curies":[{"name":"wp","href":"https:\/\/api.w.org\/{rel}","templated":true}]}}