{"id":7616,"date":"2026-07-29T11:16:20","date_gmt":"2026-07-29T03:16:20","guid":{"rendered":"https:\/\/www.reelshort.com\/es\/fandom\/?p=7616"},"modified":"2026-07-29T11:16:31","modified_gmt":"2026-07-29T03:16:31","slug":"samanta-gomez-y-ricardo-de-la-vera-01-6-a3085f407c73","status":"publish","type":"post","link":"https:\/\/www.reelshort.com\/es\/fandom\/samanta-gomez-y-ricardo-de-la-vera-01-6-a3085f407c73\/","title":{"rendered":"Samanta G\u00f3mez y Ricardo de la Vera \u2013 La Noche que Entrelaz\u00f3 sus Destinos en Me Fui Embarazada de Ti"},"content":{"rendered":"\n<p class=\"wp-block-paragraph\">Ricardo de la Vera se enamor\u00f3 perdidamente de Samanta Gomez desde la noche en que se conocieron, la misma en la que salv\u00f3 su vida. En aquel momento \u00fanico, compartieron un momento apasionado, pero despu\u00e9s ella desapareci\u00f3.<\/p>\n\n\n\n<p class=\"wp-block-paragraph\">Cinco a\u00f1os despu\u00e9s, Samanta es madre de una ni\u00f1a que naci\u00f3 de aquel encuentro y cambi\u00f3 su manera de ver la vida. Ambos intentan encontrarse, pero cuando est\u00e1n frente a frente no son capaces de reconocerse \u00bfSe dar\u00e1n cuenta del hilo rojo que los une?<\/p>\n\n\n\n<p class=\"wp-block-paragraph\">Desc\u00fabrelo en: <a href=\"https:\/\/www.reelshort.com\/es\/movie\/me-fui-embarazada-de-ti-69def1902cea1356d8037adc\">Me Fui Embarazada de Ti<\/a> Pel\u00edcula Completa<\/p>\n\n\n<p><iframe loading=\"lazy\" id=\"reelshort_player\" width=\"600\" height=\"400\" src=\"https:\/\/www.reelshort.com\/es\/embed\/69def1902cea1356d8037adc-rdpg7xgi27?show_controls=true\" title=\"ReelShort video player\" frameBorder=\"0\" allow=\"accelerometer; autoplay; clipboard-write; encrypted-media; gyroscope; picture-in-picture; web-share\" referrerPolicy=\"strict-origin-when-cross-origin\" allowFullScreen ><\/iframe><\/p>\n\n\n<div class=\"wp-block-buttons is-layout-flex wp-block-buttons-is-layout-flex\">\n<div class=\"wp-block-button\"><a class=\"wp-block-button__link wp-element-button\" href=\"https:\/\/www.reelshort.com\/es\/episodes\/episode-1-me-fui-embarazada-de-ti-69def1902cea1356d8037adc-rdpg7xgi27\">Ver Serie Ahora &gt;&gt;<\/a><\/div>\n<\/div>\n\n\n\n<ul class=\"wp-block-list\">\n<li><a href=\"#part1\">Parte 1: Samanta y Ricardo: La Esperanza de Encontrar a la Persona que Aman en Me Fui Embarazada de Ti Pel\u00edcula Completa<\/a><\/li>\n\n\n\n<li><a href=\"#part2\">Parte 2: Momentos Imperdibles y la Qu\u00edmica Explosiva entre Ricardo y Samanta en Me Fui Embarazada de Ti Pel\u00edcula Completa<\/a><\/li>\n\n\n\n<li><a href=\"#part3\">Parte 3: Romance y Conexi\u00f3n: Las Razones Por las Que esta Parejita Est\u00e1 Conquistando al P\u00fablico<\/a><\/li>\n\n\n\n<li><a href=\"#part4\">Parte 4: Conclusi\u00f3n<\/a><\/li>\n<\/ul>\n\n\n\n<h2 id=\"part1\" class=\"wp-block-heading\">Parte 1: Samanta y Ricardo: La Esperanza de Encontrar a la Persona que Aman en Me Fui Embarazada de Ti Pel\u00edcula Completa<\/h2>\n\n\n\n<h3 class=\"wp-block-heading\"><a><\/a>Samanta G\u00f3mez: El \u00e1ngel inocente que marc\u00f3 su vida<\/h3>\n\n\n\n<figure class=\"wp-block-image size-full\"><img loading=\"lazy\" decoding=\"async\" width=\"600\" height=\"400\" src=\"https:\/\/www.reelshort.com\/es\/fandom\/wp-content\/uploads\/2026\/07\/me-fui-embarazada-de-ti-final-04.png\" alt=\"Me Fui Embarazada de Ti serie dailymotion\" class=\"wp-image-7619\" srcset=\"https:\/\/www.reelshort.com\/es\/fandom\/wp-content\/uploads\/2026\/07\/me-fui-embarazada-de-ti-final-04.png 600w, https:\/\/www.reelshort.com\/es\/fandom\/wp-content\/uploads\/2026\/07\/me-fui-embarazada-de-ti-final-04-300x200.png 300w\" sizes=\"auto, (max-width: 600px) 100vw, 600px\" \/><\/figure>\n\n\n\n<p class=\"wp-block-paragraph\">Samanta es una chica dulce y un poco t\u00edmida, que tiene la mala suerte de ser maltratada por su familia. Tanto su hermano como su madre han pisoteado su autoestima.<\/p>\n\n\n\n<p class=\"wp-block-paragraph\">Una noche mientras trabaja como mucama en un hotel, se da cuenta que hay un hu\u00e9sped inconsciente en el fondo de la piscina y sin dudarlo, se lanza a salvarlo.<\/p>\n\n\n\n<p class=\"wp-block-paragraph\">Ella nunca imagin\u00f3 que ese valiente gesto le cambiar\u00eda por completo la vida, pues el hombre al que rescata por primera vez en su vida la hace sentir amada.<\/p>\n\n\n\n<p class=\"wp-block-paragraph\">La conexi\u00f3n que siente con Ricardo desde que se miran a los ojos por primera vez, le da la confianza suficiente para dejarse llevar por un momento que fue m\u00e1s que apasionado.<\/p>\n\n\n\n<p class=\"wp-block-paragraph\">Poco tiempo despu\u00e9s y sin saber la identidad de ese hombre, descubre que est\u00e1 embarazada. Noticia que les cae como un balde de agua fr\u00eda a sus familiares.<\/p>\n\n\n\n<p class=\"wp-block-paragraph\">Como era de esperarse le dan la espalda y la hacen sentir como una inutil por haber quedado en estado. Sin embargo, el beb\u00e9 en su vientre la llena de fortaleza.<\/p>\n\n\n\n<p class=\"wp-block-paragraph\">Samanta decide que quiere ser la madre que no tuvo y que va a proteger a su hijo a capa y espada contra el mundo de ser necesario.<\/p>\n\n\n\n<p class=\"wp-block-paragraph\">Luego de dar a luz a la peque\u00f1a Lily, decide pasar por un proceso de evoluci\u00f3n personal que le permita sentir que va a estar junto a su hija, por muchos a\u00f1os.<\/p>\n\n\n\n<p class=\"wp-block-paragraph\">Esta transformaci\u00f3n, la ayuda con sus problemas de autoestima e inseguridad, pero le trae nuevos conflictos con su hermano Miguel. \u00c9l quiere obligarla a casarse con el Sr. Gutierrez.<\/p>\n\n\n\n<p class=\"wp-block-paragraph\">Todo por dinero.<\/p>\n\n\n\n<p class=\"wp-block-paragraph\">Samanta se niega rotundamente y es gracias a una discusi\u00f3n que tiene con su hermano, que la vida vuelve a cruzarla con Ricardo, pero no lo reconoce. Aunque, la conexi\u00f3n es inmediata.<\/p>\n\n\n\n<h3 class=\"wp-block-heading\"><a><\/a>Ricardo de la Vera: Un CEO enamorado de un fantasma<\/h3>\n\n\n\n<figure class=\"wp-block-image size-full\"><img loading=\"lazy\" decoding=\"async\" width=\"600\" height=\"400\" src=\"https:\/\/www.reelshort.com\/es\/fandom\/wp-content\/uploads\/2026\/07\/me-fui-embarazada-de-ti-final-03.png\" alt=\"Me Fui Embarazada de Ti Completo\" class=\"wp-image-7618\" srcset=\"https:\/\/www.reelshort.com\/es\/fandom\/wp-content\/uploads\/2026\/07\/me-fui-embarazada-de-ti-final-03.png 600w, https:\/\/www.reelshort.com\/es\/fandom\/wp-content\/uploads\/2026\/07\/me-fui-embarazada-de-ti-final-03-300x200.png 300w\" sizes=\"auto, (max-width: 600px) 100vw, 600px\" \/><\/figure>\n\n\n\n<p class=\"wp-block-paragraph\">Ricardo de la Vera, es un hombre guapo, exitoso y sensible, que est\u00e1 enamorado de una mujer que parece un fantasma desde la noche en que se conocieron.<\/p>\n\n\n\n<p class=\"wp-block-paragraph\">Todo comienza despu\u00e9s que ella le salva la vida y ambos se dejan llevar por la pasi\u00f3n. El problema es que desde all\u00ed, nunca m\u00e1s volvi\u00f3 a verla y no sabe ni su nombre.<\/p>\n\n\n\n<p class=\"wp-block-paragraph\">Incapaz de olvidarla, durante cinco a\u00f1os la ha buscado incansablemente. Contrat\u00f3 a varios investigadores privados, pero ninguno dio con ella.<\/p>\n\n\n\n<p class=\"wp-block-paragraph\">Una tarea dif\u00edcil si consideramos que lo \u00fanico que tiene sobre ella, es un zarcillo.<\/p>\n\n\n\n<p class=\"wp-block-paragraph\">Es el CEO de Industria Laguna, la empresa m\u00e1s importante del pa\u00eds a la cual le ha dedicado su vida. Pero eso le ha hecho acreedor de varios enemigos, comenzando por su hermano.<\/p>\n\n\n\n<p class=\"wp-block-paragraph\">Quien varias veces ha intentado sacarlo del medio y es la raz\u00f3n principal por la que se desencadenan los eventos de la historia.<\/p>\n\n\n\n<div class=\"wp-block-buttons is-layout-flex wp-block-buttons-is-layout-flex\">\n<div class=\"wp-block-button\"><a class=\"wp-block-button__link wp-element-button\" href=\"https:\/\/www.reelshort.com\/es\/episodes\/episode-1-me-fui-embarazada-de-ti-69def1902cea1356d8037adc-rdpg7xgi27\">Ver Serie Ahora &gt;&gt;<\/a><\/div>\n<\/div>\n\n\n\n<p class=\"wp-block-paragraph\">Por otro lado, su obsesi\u00f3n con encontrar a Samanta le pasa factura cuando su madre lo amenaza con entregar la empresa a Francisco, si no se casa en menos de un mes.<\/p>\n\n\n\n<p class=\"wp-block-paragraph\">Eso lo coloca en un aprieto, del que sale f\u00e1cilmente gracias a una mesera con la que comparte una conexi\u00f3n inexplicable y que defendi\u00f3 de un hermano abusador.<\/p>\n\n\n\n<p class=\"wp-block-paragraph\">Ricardo, no tiene idea que esa mujer a la que le pide ser su esposa por contrato, es la misma que lleva a\u00f1os buscando desesperado.<\/p>\n\n\n\n<p class=\"wp-block-paragraph\">Lo curioso, es que desde que la conoce hay algo en ella que le recuerda a aquella chica, solo que no se parece a ella.<\/p>\n\n\n\n<h2 id=\"part2\" class=\"wp-block-heading\">Parte 2: Momentos Imperdibles y la Qu\u00edmica Explosiva entre Ricardo y Samanta en Me Fui Embarazada de Ti Pel\u00edcula Completa<\/h2>\n\n\n\n<figure class=\"wp-block-image size-full\"><img loading=\"lazy\" decoding=\"async\" width=\"600\" height=\"400\" src=\"https:\/\/www.reelshort.com\/es\/fandom\/wp-content\/uploads\/2026\/07\/me-fui-embarazada-de-ti-final-05.png\" alt=\"Me fui embarazada de ti personajes principales\" class=\"wp-image-7620\" srcset=\"https:\/\/www.reelshort.com\/es\/fandom\/wp-content\/uploads\/2026\/07\/me-fui-embarazada-de-ti-final-05.png 600w, https:\/\/www.reelshort.com\/es\/fandom\/wp-content\/uploads\/2026\/07\/me-fui-embarazada-de-ti-final-05-300x200.png 300w\" sizes=\"auto, (max-width: 600px) 100vw, 600px\" \/><\/figure>\n\n\n\n<p class=\"wp-block-paragraph\">Me Fui Embarazada de ti est\u00e1 llena de momentos imperdibles entre los protagonistas, escenas que nos hacen suspirar y que nos regalan esa dosis de romance que nos hace falta.<\/p>\n\n\n\n<p class=\"wp-block-paragraph\">Desde el comienzo, ambos personajes comparten una qu\u00edmica legendaria, una conexi\u00f3n que va m\u00e1s all\u00e1 de lo f\u00edsico y que los hace dejar a un lado sus temores.<\/p>\n\n\n\n<p class=\"wp-block-paragraph\">En el caso de Samanta, en los brazos de Ricardo conoci\u00f3 lo que es sentirse, apreciada y valorada por alguien, despu\u00e9s de una vida de maltrato emocional.<\/p>\n\n\n\n<p class=\"wp-block-paragraph\">Adem\u00e1s, gracias a \u00e9l tiene lo m\u00e1s bonito que le ha pasado, que es su hija. De no haber compartido aquel momento especial a su lado, la peque\u00f1a Lily no existir\u00eda.<\/p>\n\n\n\n<p class=\"wp-block-paragraph\">Para Ricardo, Samanta es m\u00e1s que la mujer que le salv\u00f3 la vida, es la persona que toc\u00f3 su coraz\u00f3n que lo hace contemplar la posibilidad de un amor verdadero.<\/p>\n\n\n\n<p class=\"wp-block-paragraph\">A\u00f1os despu\u00e9s cuando se reencuentran, la qu\u00edmica entre sus cuerpos sigue intacta, aunque sean incapaces de reconocerse. La conexi\u00f3n que tienen los hace confiar en el otro sin dudar.<\/p>\n\n\n\n<p class=\"wp-block-paragraph\">A lo largo de la serie, estamos ansiosos por llegar al momento en el que la verdad sale a la luz, pero tambi\u00e9n disfrutamos de ver que se enamoran de sus nuevas versiones.<\/p>\n\n\n\n<p class=\"wp-block-paragraph\">Adem\u00e1s, junto a Lily forman una familia hermosa que llena de ternura la pantalla de nuestros celulares.<\/p>\n\n\n\n<h2 id=\"part3\" class=\"wp-block-heading\">Parte 3: Romance y Conexi\u00f3n: Las Razones Por las Que esta Parejita Est\u00e1 Conquistando al P\u00fablico<\/h2>\n\n\n\n<figure class=\"wp-block-image size-full\"><img loading=\"lazy\" decoding=\"async\" width=\"600\" height=\"400\" src=\"https:\/\/www.reelshort.com\/es\/fandom\/wp-content\/uploads\/2026\/07\/me-fui-embarazada-de-ti-final-01.png\" alt=\"Me fui embarazada de ti final\" class=\"wp-image-7622\" srcset=\"https:\/\/www.reelshort.com\/es\/fandom\/wp-content\/uploads\/2026\/07\/me-fui-embarazada-de-ti-final-01.png 600w, https:\/\/www.reelshort.com\/es\/fandom\/wp-content\/uploads\/2026\/07\/me-fui-embarazada-de-ti-final-01-300x200.png 300w\" sizes=\"auto, (max-width: 600px) 100vw, 600px\" \/><\/figure>\n\n\n\n<div class=\"wp-block-buttons is-layout-flex wp-block-buttons-is-layout-flex\">\n<div class=\"wp-block-button\"><a class=\"wp-block-button__link wp-element-button\" href=\"https:\/\/www.reelshort.com\/es\/episodes\/episode-1-me-fui-embarazada-de-ti-69def1902cea1356d8037adc-rdpg7xgi27\">Ver Serie Ahora &gt;&gt;<\/a><\/div>\n<\/div>\n\n\n\n<p class=\"wp-block-paragraph\">Son muchas las razones que podemos enumerar de porque esta parejita est\u00e1 dando de qu\u00e9 hablar y conquistando a Latinoam\u00e9rica entera desde el estreno de la serie.<\/p>\n\n\n\n<p class=\"wp-block-paragraph\">Vamos a comenzar diciendo que Ricardo de la Vera, es el hombre que todas quisi\u00e9ramos tener en nuestra vida, ese que es capaz de admirar tu belleza sin ning\u00fan filtro.<\/p>\n\n\n\n<p class=\"wp-block-paragraph\">Que te hace sentir amada y admirada desde el primer instante en que te conoce. Obvio, que un gal\u00e1n como ese es capaz de derretir nuestros corazones.<\/p>\n\n\n\n<p class=\"wp-block-paragraph\">Como valor agregado, es guapo, inteligente y el empresario m\u00e1s importante del pa\u00eds \u2013 Si eso no lo hace el hombre perfecto, entonces no se qu\u00e9 \u2014<\/p>\n\n\n\n<p class=\"wp-block-paragraph\">Aun teniendo las posibilidades de tener a la mujer que quisiera como pareja, se mantiene firme en su objetivo de encontrar a aquella que le rob\u00f3 el coraz\u00f3n.<\/p>\n\n\n\n<p class=\"wp-block-paragraph\">E inconscientemente solo cambia de opini\u00f3n, cuando encuentra la nueva versi\u00f3n de Samanta, sin saber que es ella \u2013 \u00a1Es genial!<\/p>\n\n\n\n<p class=\"wp-block-paragraph\">Por otro lado, Samanta es un ejemplo de adaptaci\u00f3n y superaci\u00f3n. A pesar de provenir de una familia disfuncional que nunca la valor\u00f3, ella rompe el patr\u00f3n con su hija.<\/p>\n\n\n\n<p class=\"wp-block-paragraph\">Aunque est\u00e1 rodeada de limitaciones y pasa por varias dificultades, se propone darle a su hija el amor y la estabilidad que ella no sinti\u00f3 cuando crec\u00eda.<\/p>\n\n\n\n<p class=\"wp-block-paragraph\">Su transformaci\u00f3n viene desde el interior, desde la fortaleza que le da el ser madre y su deseo de superarse a s\u00ed misma y vencer el bullying y los complejos que su familia le dej\u00f3.<\/p>\n\n\n\n<p class=\"wp-block-paragraph\">Juntos forman una pareja inspiradora y con la que es f\u00e1cil identificarse, una que proyecta amor y a la que queremos ver feliz.<\/p>\n\n\n\n<p class=\"wp-block-paragraph\">Eso, sin mencionar que junto a la peque\u00f1a Lily forman una familia preciosa y estable que nos saca m\u00e1s de una sonrisa.<\/p>\n\n\n\n<p class=\"wp-block-paragraph\">Estas son apenas algunas de las razones por la que Ricardo y Samanta te van a robar el coraz\u00f3n en este nuevo drama vertical.<\/p>\n\n\n\n<h2 id=\"part4\" class=\"wp-block-heading\">Parte 4: Conclusi\u00f3n<\/h2>\n\n\n\n<figure class=\"wp-block-image size-full\"><img loading=\"lazy\" decoding=\"async\" width=\"600\" height=\"400\" src=\"https:\/\/www.reelshort.com\/es\/fandom\/wp-content\/uploads\/2026\/07\/me-fui-embarazada-de-ti-final-02.png\" alt=\"Me Fui Embarazada de Ti reelshort\" class=\"wp-image-7617\" srcset=\"https:\/\/www.reelshort.com\/es\/fandom\/wp-content\/uploads\/2026\/07\/me-fui-embarazada-de-ti-final-02.png 600w, https:\/\/www.reelshort.com\/es\/fandom\/wp-content\/uploads\/2026\/07\/me-fui-embarazada-de-ti-final-02-300x200.png 300w\" sizes=\"auto, (max-width: 600px) 100vw, 600px\" \/><\/figure>\n\n\n\n<p class=\"wp-block-paragraph\">Ricardo y Samanta forman una de las parejas m\u00e1s tiernas y rom\u00e1nticas de los dramas verticales, su historia de amor est\u00e1 llena de momentos incre\u00edbles que te har\u00e1n creer en el amor.<\/p>\n\n\n\n<p class=\"wp-block-paragraph\">&nbsp;La qu\u00edmica que son capaces de transmitir los actores en cada una de sus escenas, nos hace suspirar. Comparten esa chispa que nos envuelve en su historia.<\/p>\n\n\n\n<p class=\"wp-block-paragraph\">Definitivamente Me Fui Embarazada de Ti es una historia que no te vas a querer perder, con romance, escenas apasionadas y momentos de tensi\u00f3n que te van a robar el aliento.<\/p>\n\n\n\n<p class=\"wp-block-paragraph\">Dos enamorados que se han buscado por mucho tiempo, se re\u00fanen y no son capaces de darse cuenta que est\u00e1n frente al otro. Aun as\u00ed, la conexi\u00f3n surge de nuevo.<\/p>\n\n\n\n<p class=\"wp-block-paragraph\">\u00bfPodr\u00e1 la peque\u00f1a Lily por fin tener la familia que tanto ha so\u00f1ado?<\/p>\n\n\n\n<p class=\"wp-block-paragraph\">No te quedes con la duda y corre a disfrutar de esta emocionante historia a trav\u00e9s de las pantallas de <a href=\"https:\/\/www.reelshort.com\/es\/tags\/movie-identities\">Reelshort<\/a>.<\/p>\n\n\n\n<p class=\"wp-block-paragraph\">Puedes descargar la aplicaci\u00f3n o hacer click en el enlace.<\/p>\n\n\n\n<p class=\"wp-block-paragraph\">\u00a1Nos Vemos!<\/p>\n\n\n\n<div class=\"wp-block-buttons is-layout-flex wp-block-buttons-is-layout-flex\">\n<div class=\"wp-block-button\"><a class=\"wp-block-button__link wp-element-button\" href=\"https:\/\/www.reelshort.com\/es\/episodes\/episode-1-me-fui-embarazada-de-ti-69def1902cea1356d8037adc-rdpg7xgi27\">Ver Serie Ahora &gt;&gt;<\/a><\/div>\n<\/div>\n\n\n\n<p class=\"wp-block-paragraph\"><\/p>\n","protected":false},"excerpt":{"rendered":"<p>Ricardo de la Vera se enamor\u00f3 perdidamente de Samanta Gomez desde la noche en que se conocieron, la misma en [&hellip;]<\/p>\n","protected":false},"author":5,"featured_media":7623,"comment_status":"open","ping_status":"open","sticky":false,"template":"","format":"standard","meta":{"footnotes":""},"categories":[12],"tags":[],"class_list":["post-7616","post","type-post","status-publish","format-standard","has-post-thumbnail","hentry","category-lista-de-pelicula-casting"],"yoast_head":"<!-- This site is optimized with the Yoast SEO plugin v24.0 - https:\/\/yoast.com\/wordpress\/plugins\/seo\/ -->\n<title>Samanta G\u00f3mez y Ricardo de la Vera \u2013 La Noche que Entrelaz\u00f3 sus Destinos en Me Fui Embarazada de Ti - ReelShort Fandom En Espa\u00f1ol<\/title>\n<meta name=\"description\" content=\"\u00c9l se enamor\u00f3 perdidamente de ella la noche que lo rescat\u00f3. Ella desapareci\u00f3 con un hijo en su vientre. Cinco a\u00f1os despu\u00e9s, el amor entre Ricardo y Samanta contin\u00faa intacto.\" \/>\n<meta name=\"robots\" content=\"index, follow, max-snippet:-1, max-image-preview:large, max-video-preview:-1\" \/>\n<link rel=\"canonical\" href=\"https:\/\/www.reelshort.com\/es\/fandom\/samanta-gomez-y-ricardo-de-la-vera-01-6-a3085f407c73\/\" \/>\n<meta property=\"og:locale\" content=\"es_ES\" \/>\n<meta property=\"og:type\" content=\"article\" \/>\n<meta property=\"og:title\" content=\"Samanta G\u00f3mez y Ricardo de la Vera \u2013 La Noche que Entrelaz\u00f3 sus Destinos en Me Fui Embarazada de Ti - ReelShort Fandom En Espa\u00f1ol\" \/>\n<meta property=\"og:description\" content=\"\u00c9l se enamor\u00f3 perdidamente de ella la noche que lo rescat\u00f3. Ella desapareci\u00f3 con un hijo en su vientre. Cinco a\u00f1os despu\u00e9s, el amor entre Ricardo y Samanta contin\u00faa intacto.\" \/>\n<meta property=\"og:url\" content=\"https:\/\/www.reelshort.com\/es\/fandom\/samanta-gomez-y-ricardo-de-la-vera-01-6-a3085f407c73\/\" \/>\n<meta property=\"og:site_name\" content=\"ReelShort Fandom En Espa\u00f1ol\" \/>\n<meta property=\"article:published_time\" content=\"2026-07-29T03:16:20+00:00\" \/>\n<meta property=\"article:modified_time\" content=\"2026-07-29T03:16:31+00:00\" \/>\n<meta property=\"og:image\" content=\"https:\/\/www.reelshort.com\/es\/fandom\/wp-content\/uploads\/2026\/07\/samanta-gomez-y-ricardo-de-la-vera-6.png\" \/>\n\t<meta property=\"og:image:width\" content=\"894\" \/>\n\t<meta property=\"og:image:height\" content=\"671\" \/>\n\t<meta property=\"og:image:type\" content=\"image\/png\" \/>\n<meta name=\"author\" content=\"Aurelia Windsor\" \/>\n<meta name=\"twitter:card\" content=\"summary_large_image\" \/>\n<meta name=\"twitter:label1\" content=\"Escrito por\" \/>\n\t<meta name=\"twitter:data1\" content=\"Aurelia Windsor\" \/>\n\t<meta name=\"twitter:label2\" content=\"Tiempo de lectura\" \/>\n\t<meta name=\"twitter:data2\" content=\"9 minutos\" \/>\n<script type=\"application\/ld+json\" class=\"yoast-schema-graph\">{\"@context\":\"https:\/\/schema.org\",\"@graph\":[{\"@type\":\"WebPage\",\"@id\":\"https:\/\/www.reelshort.com\/es\/fandom\/samanta-gomez-y-ricardo-de-la-vera-01-6-a3085f407c73\/\",\"url\":\"https:\/\/www.reelshort.com\/es\/fandom\/samanta-gomez-y-ricardo-de-la-vera-01-6-a3085f407c73\/\",\"name\":\"Samanta G\u00f3mez y Ricardo de la Vera \u2013 La Noche que Entrelaz\u00f3 sus Destinos en Me Fui Embarazada de Ti - ReelShort Fandom En Espa\u00f1ol\",\"isPartOf\":{\"@id\":\"https:\/\/www.reelshort.com\/es\/fandom\/#website\"},\"primaryImageOfPage\":{\"@id\":\"https:\/\/www.reelshort.com\/es\/fandom\/samanta-gomez-y-ricardo-de-la-vera-01-6-a3085f407c73\/#primaryimage\"},\"image\":{\"@id\":\"https:\/\/www.reelshort.com\/es\/fandom\/samanta-gomez-y-ricardo-de-la-vera-01-6-a3085f407c73\/#primaryimage\"},\"thumbnailUrl\":\"https:\/\/www.reelshort.com\/es\/fandom\/wp-content\/uploads\/2026\/07\/samanta-gomez-y-ricardo-de-la-vera-6.png\",\"datePublished\":\"2026-07-29T03:16:20+00:00\",\"dateModified\":\"2026-07-29T03:16:31+00:00\",\"author\":{\"@id\":\"https:\/\/www.reelshort.com\/es\/fandom\/#\/schema\/person\/df702e0befecf536c08c3a534aa9fbb2\"},\"description\":\"\u00c9l se enamor\u00f3 perdidamente de ella la noche que lo rescat\u00f3. Ella desapareci\u00f3 con un hijo en su vientre. Cinco a\u00f1os despu\u00e9s, el amor entre Ricardo y Samanta contin\u00faa intacto.\",\"breadcrumb\":{\"@id\":\"https:\/\/www.reelshort.com\/es\/fandom\/samanta-gomez-y-ricardo-de-la-vera-01-6-a3085f407c73\/#breadcrumb\"},\"inLanguage\":\"es\",\"potentialAction\":[{\"@type\":\"ReadAction\",\"target\":[\"https:\/\/www.reelshort.com\/es\/fandom\/samanta-gomez-y-ricardo-de-la-vera-01-6-a3085f407c73\/\"]}]},{\"@type\":\"ImageObject\",\"inLanguage\":\"es\",\"@id\":\"https:\/\/www.reelshort.com\/es\/fandom\/samanta-gomez-y-ricardo-de-la-vera-01-6-a3085f407c73\/#primaryimage\",\"url\":\"https:\/\/www.reelshort.com\/es\/fandom\/wp-content\/uploads\/2026\/07\/samanta-gomez-y-ricardo-de-la-vera-6.png\",\"contentUrl\":\"https:\/\/www.reelshort.com\/es\/fandom\/wp-content\/uploads\/2026\/07\/samanta-gomez-y-ricardo-de-la-vera-6.png\",\"width\":894,\"height\":671,\"caption\":\"Me fui embarazada de ti pel\u00edcula\"},{\"@type\":\"BreadcrumbList\",\"@id\":\"https:\/\/www.reelshort.com\/es\/fandom\/samanta-gomez-y-ricardo-de-la-vera-01-6-a3085f407c73\/#breadcrumb\",\"itemListElement\":[{\"@type\":\"ListItem\",\"position\":1,\"name\":\"Home\",\"item\":\"https:\/\/www.reelshort.com\/es\/fandom\/\"},{\"@type\":\"ListItem\",\"position\":2,\"name\":\"Samanta G\u00f3mez y Ricardo de la Vera \u2013 La Noche que Entrelaz\u00f3 sus Destinos en Me Fui Embarazada de Ti\"}]},{\"@type\":\"WebSite\",\"@id\":\"https:\/\/www.reelshort.com\/es\/fandom\/#website\",\"url\":\"https:\/\/www.reelshort.com\/es\/fandom\/\",\"name\":\"ReelShort Fandom En Espa\u00f1ol\",\"description\":\"Para satisfacer toda la curiosidad de los cin\u00e9filos\",\"potentialAction\":[{\"@type\":\"SearchAction\",\"target\":{\"@type\":\"EntryPoint\",\"urlTemplate\":\"https:\/\/www.reelshort.com\/es\/fandom\/?s={search_term_string}\"},\"query-input\":{\"@type\":\"PropertyValueSpecification\",\"valueRequired\":true,\"valueName\":\"search_term_string\"}}],\"inLanguage\":\"es\"},{\"@type\":\"Person\",\"@id\":\"https:\/\/www.reelshort.com\/es\/fandom\/#\/schema\/person\/df702e0befecf536c08c3a534aa9fbb2\",\"name\":\"Aurelia Windsor\",\"image\":{\"@type\":\"ImageObject\",\"inLanguage\":\"es\",\"@id\":\"https:\/\/www.reelshort.com\/es\/fandom\/#\/schema\/person\/image\/\",\"url\":\"https:\/\/secure.gravatar.com\/avatar\/8df2005a06e8a76058ed9c07f50a3e0c91b962f00190fdbc16a7a294724ca100?s=96&d=mm&r=g\",\"contentUrl\":\"https:\/\/secure.gravatar.com\/avatar\/8df2005a06e8a76058ed9c07f50a3e0c91b962f00190fdbc16a7a294724ca100?s=96&d=mm&r=g\",\"caption\":\"Aurelia Windsor\"},\"sameAs\":[\"https:\/\/www.reelshort.com\/\"],\"url\":\"https:\/\/www.reelshort.com\/es\/fandom\/author\/aurelia-windsor\/\"}]}<\/script>\n<!-- \/ Yoast SEO plugin. -->","yoast_head_json":{"title":"Samanta G\u00f3mez y Ricardo de la Vera \u2013 La Noche que Entrelaz\u00f3 sus Destinos en Me Fui Embarazada de Ti - ReelShort Fandom En Espa\u00f1ol","description":"\u00c9l se enamor\u00f3 perdidamente de ella la noche que lo rescat\u00f3. Ella desapareci\u00f3 con un hijo en su vientre. Cinco a\u00f1os despu\u00e9s, el amor entre Ricardo y Samanta contin\u00faa intacto.","robots":{"index":"index","follow":"follow","max-snippet":"max-snippet:-1","max-image-preview":"max-image-preview:large","max-video-preview":"max-video-preview:-1"},"canonical":"https:\/\/www.reelshort.com\/es\/fandom\/samanta-gomez-y-ricardo-de-la-vera-01-6-a3085f407c73\/","og_locale":"es_ES","og_type":"article","og_title":"Samanta G\u00f3mez y Ricardo de la Vera \u2013 La Noche que Entrelaz\u00f3 sus Destinos en Me Fui Embarazada de Ti - ReelShort Fandom En Espa\u00f1ol","og_description":"\u00c9l se enamor\u00f3 perdidamente de ella la noche que lo rescat\u00f3. Ella desapareci\u00f3 con un hijo en su vientre. Cinco a\u00f1os despu\u00e9s, el amor entre Ricardo y Samanta contin\u00faa intacto.","og_url":"https:\/\/www.reelshort.com\/es\/fandom\/samanta-gomez-y-ricardo-de-la-vera-01-6-a3085f407c73\/","og_site_name":"ReelShort Fandom En Espa\u00f1ol","article_published_time":"2026-07-29T03:16:20+00:00","article_modified_time":"2026-07-29T03:16:31+00:00","og_image":[{"width":894,"height":671,"url":"https:\/\/www.reelshort.com\/es\/fandom\/wp-content\/uploads\/2026\/07\/samanta-gomez-y-ricardo-de-la-vera-6.png","type":"image\/png"}],"author":"Aurelia Windsor","twitter_card":"summary_large_image","twitter_misc":{"Escrito por":"Aurelia Windsor","Tiempo de lectura":"9 minutos"},"schema":{"@context":"https:\/\/schema.org","@graph":[{"@type":"WebPage","@id":"https:\/\/www.reelshort.com\/es\/fandom\/samanta-gomez-y-ricardo-de-la-vera-01-6-a3085f407c73\/","url":"https:\/\/www.reelshort.com\/es\/fandom\/samanta-gomez-y-ricardo-de-la-vera-01-6-a3085f407c73\/","name":"Samanta G\u00f3mez y Ricardo de la Vera \u2013 La Noche que Entrelaz\u00f3 sus Destinos en Me Fui Embarazada de Ti - ReelShort Fandom En Espa\u00f1ol","isPartOf":{"@id":"https:\/\/www.reelshort.com\/es\/fandom\/#website"},"primaryImageOfPage":{"@id":"https:\/\/www.reelshort.com\/es\/fandom\/samanta-gomez-y-ricardo-de-la-vera-01-6-a3085f407c73\/#primaryimage"},"image":{"@id":"https:\/\/www.reelshort.com\/es\/fandom\/samanta-gomez-y-ricardo-de-la-vera-01-6-a3085f407c73\/#primaryimage"},"thumbnailUrl":"https:\/\/www.reelshort.com\/es\/fandom\/wp-content\/uploads\/2026\/07\/samanta-gomez-y-ricardo-de-la-vera-6.png","datePublished":"2026-07-29T03:16:20+00:00","dateModified":"2026-07-29T03:16:31+00:00","author":{"@id":"https:\/\/www.reelshort.com\/es\/fandom\/#\/schema\/person\/df702e0befecf536c08c3a534aa9fbb2"},"description":"\u00c9l se enamor\u00f3 perdidamente de ella la noche que lo rescat\u00f3. Ella desapareci\u00f3 con un hijo en su vientre. Cinco a\u00f1os despu\u00e9s, el amor entre Ricardo y Samanta contin\u00faa intacto.","breadcrumb":{"@id":"https:\/\/www.reelshort.com\/es\/fandom\/samanta-gomez-y-ricardo-de-la-vera-01-6-a3085f407c73\/#breadcrumb"},"inLanguage":"es","potentialAction":[{"@type":"ReadAction","target":["https:\/\/www.reelshort.com\/es\/fandom\/samanta-gomez-y-ricardo-de-la-vera-01-6-a3085f407c73\/"]}]},{"@type":"ImageObject","inLanguage":"es","@id":"https:\/\/www.reelshort.com\/es\/fandom\/samanta-gomez-y-ricardo-de-la-vera-01-6-a3085f407c73\/#primaryimage","url":"https:\/\/www.reelshort.com\/es\/fandom\/wp-content\/uploads\/2026\/07\/samanta-gomez-y-ricardo-de-la-vera-6.png","contentUrl":"https:\/\/www.reelshort.com\/es\/fandom\/wp-content\/uploads\/2026\/07\/samanta-gomez-y-ricardo-de-la-vera-6.png","width":894,"height":671,"caption":"Me fui embarazada de ti pel\u00edcula"},{"@type":"BreadcrumbList","@id":"https:\/\/www.reelshort.com\/es\/fandom\/samanta-gomez-y-ricardo-de-la-vera-01-6-a3085f407c73\/#breadcrumb","itemListElement":[{"@type":"ListItem","position":1,"name":"Home","item":"https:\/\/www.reelshort.com\/es\/fandom\/"},{"@type":"ListItem","position":2,"name":"Samanta G\u00f3mez y Ricardo de la Vera \u2013 La Noche que Entrelaz\u00f3 sus Destinos en Me Fui Embarazada de Ti"}]},{"@type":"WebSite","@id":"https:\/\/www.reelshort.com\/es\/fandom\/#website","url":"https:\/\/www.reelshort.com\/es\/fandom\/","name":"ReelShort Fandom En Espa\u00f1ol","description":"Para satisfacer toda la curiosidad de los cin\u00e9filos","potentialAction":[{"@type":"SearchAction","target":{"@type":"EntryPoint","urlTemplate":"https:\/\/www.reelshort.com\/es\/fandom\/?s={search_term_string}"},"query-input":{"@type":"PropertyValueSpecification","valueRequired":true,"valueName":"search_term_string"}}],"inLanguage":"es"},{"@type":"Person","@id":"https:\/\/www.reelshort.com\/es\/fandom\/#\/schema\/person\/df702e0befecf536c08c3a534aa9fbb2","name":"Aurelia Windsor","image":{"@type":"ImageObject","inLanguage":"es","@id":"https:\/\/www.reelshort.com\/es\/fandom\/#\/schema\/person\/image\/","url":"https:\/\/secure.gravatar.com\/avatar\/8df2005a06e8a76058ed9c07f50a3e0c91b962f00190fdbc16a7a294724ca100?s=96&d=mm&r=g","contentUrl":"https:\/\/secure.gravatar.com\/avatar\/8df2005a06e8a76058ed9c07f50a3e0c91b962f00190fdbc16a7a294724ca100?s=96&d=mm&r=g","caption":"Aurelia Windsor"},"sameAs":["https:\/\/www.reelshort.com\/"],"url":"https:\/\/www.reelshort.com\/es\/fandom\/author\/aurelia-windsor\/"}]}},"_links":{"self":[{"href":"https:\/\/www.reelshort.com\/es\/fandom\/wp-json\/wp\/v2\/posts\/7616","targetHints":{"allow":["GET"]}}],"collection":[{"href":"https:\/\/www.reelshort.com\/es\/fandom\/wp-json\/wp\/v2\/posts"}],"about":[{"href":"https:\/\/www.reelshort.com\/es\/fandom\/wp-json\/wp\/v2\/types\/post"}],"author":[{"embeddable":true,"href":"https:\/\/www.reelshort.com\/es\/fandom\/wp-json\/wp\/v2\/users\/5"}],"replies":[{"embeddable":true,"href":"https:\/\/www.reelshort.com\/es\/fandom\/wp-json\/wp\/v2\/comments?post=7616"}],"version-history":[{"count":1,"href":"https:\/\/www.reelshort.com\/es\/fandom\/wp-json\/wp\/v2\/posts\/7616\/revisions"}],"predecessor-version":[{"id":7624,"href":"https:\/\/www.reelshort.com\/es\/fandom\/wp-json\/wp\/v2\/posts\/7616\/revisions\/7624"}],"wp:featuredmedia":[{"embeddable":true,"href":"https:\/\/www.reelshort.com\/es\/fandom\/wp-json\/wp\/v2\/media\/7623"}],"wp:attachment":[{"href":"https:\/\/www.reelshort.com\/es\/fandom\/wp-json\/wp\/v2\/media?parent=7616"}],"wp:term":[{"taxonomy":"category","embeddable":true,"href":"https:\/\/www.reelshort.com\/es\/fandom\/wp-json\/wp\/v2\/categories?post=7616"},{"taxonomy":"post_tag","embeddable":true,"href":"https:\/\/www.reelshort.com\/es\/fandom\/wp-json\/wp\/v2\/tags?post=7616"}],"curies":[{"name":"wp","href":"https:\/\/api.w.org\/{rel}","templated":true}]}}