{"id":7867,"date":"2026-08-14T10:51:51","date_gmt":"2026-08-14T02:51:51","guid":{"rendered":"https:\/\/www.reelshort.com\/es\/fandom\/?p=7867"},"modified":"2026-08-14T10:52:47","modified_gmt":"2026-08-14T02:52:47","slug":"siete-anos-por-nada-dailymotion-08-1e-1e","status":"publish","type":"post","link":"https:\/\/www.reelshort.com\/es\/fandom\/siete-anos-por-nada-dailymotion-08-1e-1e\/","title":{"rendered":"Siete A\u00f1os Por Nada Dailymotion \u2013 \u00bfEst\u00e1s preparado para vivir este intenso drama?"},"content":{"rendered":"\n<p class=\"wp-block-paragraph\">Grace soport\u00f3 cinco a\u00f1os de maltratos y humillaciones, siendo la sirvienta de la familia de su esposo como castigo por una tragedia que no fue su culpa y destruy\u00f3 a la familia.<\/p>\n\n\n\n<p class=\"wp-block-paragraph\">Tras perder a su hijo y con un diagn\u00f3stico de enfermedad terminal, en secreto pone fin a su vida con una muerte asistida. Su esposo cree que todo es una vil mentira \u00bfPodr\u00e1 aceptar que empuj\u00f3 a la muerte a la mujer que amaba?<\/p>\n\n\n\n<p class=\"wp-block-paragraph\">Descubrelo en: <a href=\"https:\/\/www.reelshort.com\/es\/movie\/le-dej%C3%A9-una-carta-no-un-adi%C3%B3s-6a704020378d797bb80cbe92\">Siete A\u00f1os Por Nada<\/a><\/p>\n\n\n<p><iframe loading=\"lazy\" id=\"reelshort_player\" width=\"600\" height=\"400\" src=\"https:\/\/www.reelshort.com\/es\/embed\/6a704020378d797bb80cbe92-zo4jv6d9ct?show_controls=true\" title=\"ReelShort video player\" frameBorder=\"0\" allow=\"accelerometer; autoplay; clipboard-write; encrypted-media; gyroscope; picture-in-picture; web-share\" referrerPolicy=\"strict-origin-when-cross-origin\" allowFullScreen ><\/iframe><\/p>\n\n\n<div class=\"wp-block-buttons is-layout-flex wp-block-buttons-is-layout-flex\">\n<div class=\"wp-block-button\"><a class=\"wp-block-button__link wp-element-button\" href=\"https:\/\/www.reelshort.com\/es\/episodes\/episode-1-le-dej%C3%A9-una-carta-no-un-adi%C3%B3s-6a704020378d797bb80cbe92-zo4jv6d9ct\">Ver Serie Ahora &gt;&gt;<\/a><\/div>\n<\/div>\n\n\n\n<ul class=\"wp-block-list\">\n<li><a href=\"#part1\">Parte 1: Conoce a los protagonistas de Siete A\u00f1os Por Nada \u00bfQui\u00e9n caer\u00e1 primero en la tentaci\u00f3n? <\/a><\/li>\n\n\n\n<li><a href=\"#part2\">Parte 2: Traemos para ti el resumen de algunos de los episodios m\u00e1s emocionantes de Siete A\u00f1os Por Nada<\/a><\/li>\n\n\n\n<li><a href=\"#part3\">Parte 3: Reflexi\u00f3n y Agon\u00eda: \u00bfPor qu\u00e9 Siete A\u00f1os Por Nada es una serie que te va a mover las fibras?<\/a><\/li>\n\n\n\n<li><a href=\"#part4\">Parte 4: Conclusi\u00f3n<\/a><\/li>\n<\/ul>\n\n\n\n<h2 id=\"part1\" class=\"wp-block-heading\">Parte 1: Conoce a los protagonistas de Siete A\u00f1os Por Nada \u00bfQui\u00e9n caer\u00e1 primero en la tentaci\u00f3n?<\/h2>\n\n\n\n<h3 class=\"wp-block-heading\"><a><\/a>Grace&nbsp; \u2013 La v\u00edctima fatal dentro de un plan macabro<\/h3>\n\n\n\n<figure class=\"wp-block-image size-full\"><img loading=\"lazy\" decoding=\"async\" width=\"600\" height=\"400\" src=\"https:\/\/www.reelshort.com\/es\/fandom\/wp-content\/uploads\/2026\/08\/siete-anos-por-nada-completa-07.png\" alt=\"siete a\u00f1os por nada drama\" class=\"wp-image-7874\" srcset=\"https:\/\/www.reelshort.com\/es\/fandom\/wp-content\/uploads\/2026\/08\/siete-anos-por-nada-completa-07.png 600w, https:\/\/www.reelshort.com\/es\/fandom\/wp-content\/uploads\/2026\/08\/siete-anos-por-nada-completa-07-300x200.png 300w\" sizes=\"auto, (max-width: 600px) 100vw, 600px\" \/><\/figure>\n\n\n\n<p class=\"wp-block-paragraph\">Grace Carter es la gran v\u00edctima de esta historia, una mujer dulce e inocente, que paga un alto precio por mantener sus principios.<\/p>\n\n\n\n<p class=\"wp-block-paragraph\">Su historia es tr\u00e1gica de principio a fin, con breves instantes de felicidad que no compensan todas las l\u00e1grimas que derram\u00f3.<\/p>\n\n\n\n<p class=\"wp-block-paragraph\">De adolescente perdi\u00f3 a sus padres en un terrible accidente de tr\u00e1nsito. Se qued\u00f3 sola sin un n\u00facleo estable que la pudiera apoyar.<\/p>\n\n\n\n<p class=\"wp-block-paragraph\">Entonces, como salido de un cuento de hadas, conoci\u00f3 a James en la preparatoria, el gran amor de su vida. El hombre con quien estaba dispuesta a formar una familia.<\/p>\n\n\n\n<p class=\"wp-block-paragraph\">Pero, al ser hu\u00e9rfana nunca fue aceptada del todo por la familia elitista de su prometido. A\u00fan as\u00ed, \u00e9l luch\u00f3 contra todos por su relaci\u00f3n.<\/p>\n\n\n\n<p class=\"wp-block-paragraph\">Se puede decir que la llev\u00f3 al cielo para despu\u00e9s hacerla caer al infierno.<\/p>\n\n\n\n<p class=\"wp-block-paragraph\">Su felicidad se desvanece cuando no es capaz de mentir en una audiencia, para salvar a su cu\u00f1ada de ir a la c\u00e1rcel. A partir de all\u00ed, todo se viene abajo.<\/p>\n\n\n\n<p class=\"wp-block-paragraph\">Pues, cuando Julia muere en extra\u00f1as circunstancias en su celda, la familia la culpa por la tragedia y todos incluyendo a James, la juzgan sin piedad.<\/p>\n\n\n\n<p class=\"wp-block-paragraph\">Entonces, cuando es diagnosticada con una enfermedad terminal y pierde al hijo que esperaba, decide que lo \u00fanico que le dar\u00e1 paz es morir.<\/p>\n\n\n\n<h3 class=\"wp-block-heading\"><a><\/a>James \u2013 El retrato de un hombre fuera de s\u00ed<\/h3>\n\n\n\n<figure class=\"wp-block-image size-full\"><img loading=\"lazy\" decoding=\"async\" width=\"600\" height=\"400\" src=\"https:\/\/www.reelshort.com\/es\/fandom\/wp-content\/uploads\/2026\/08\/siete-anos-por-nada-completa-03.png\" alt=\"Siete A\u00f1os Por Nada  serie completa\" class=\"wp-image-7870\" srcset=\"https:\/\/www.reelshort.com\/es\/fandom\/wp-content\/uploads\/2026\/08\/siete-anos-por-nada-completa-03.png 600w, https:\/\/www.reelshort.com\/es\/fandom\/wp-content\/uploads\/2026\/08\/siete-anos-por-nada-completa-03-300x200.png 300w\" sizes=\"auto, (max-width: 600px) 100vw, 600px\" \/><\/figure>\n\n\n\n<p class=\"wp-block-paragraph\">James es el cl\u00e1sico ejemplo del pr\u00edncipe que se convierte en bestia. Es un hombre que siente las cosas con intensidad y que no tiene control de s\u00ed mismo.<\/p>\n\n\n\n<p class=\"wp-block-paragraph\">La muerte de su hermana, marca un antes y un despu\u00e9s en su vida, es la raz\u00f3n por la que deja salir lo peor que lleva dentro de su ser.<\/p>\n\n\n\n<p class=\"wp-block-paragraph\">Sabemos que el dolor es capaz de desquiciar a cualquier persona, pero su caso es extremo, pues canaliza todo su odio hacia la mujer que ama.<\/p>\n\n\n\n<p class=\"wp-block-paragraph\">Sin pensarlo dos veces, se olvida de su promesa de protegerla y la culpa sin piedad por la muerte de Julia cegado por el dolor.<\/p>\n\n\n\n<p class=\"wp-block-paragraph\">Por la rabia cruza l\u00edmites sin retorno y lo convierte en un inquisidor que est\u00e1 dispuesto a lanzar la primera piedra, con su esposa.<\/p>\n\n\n\n<p class=\"wp-block-paragraph\">Le hace la vida imposible, la tortura, maltrada y humilla frente a todos y aun as\u00ed, espera que ella siga amandolo como el primer dia.<\/p>\n\n\n\n<p class=\"wp-block-paragraph\">Es un personaje tan desquiciado, que se pasea por todos lados con su amante y se esmera en que Grace sea testigo de sus escenas de amor.<\/p>\n\n\n\n<p class=\"wp-block-paragraph\">Su punto de quiebre llega cuando recibe la noticia de la muerte de su esposa y se desespera, es consumido por el temor a perderla, pero al mismo tiempo no puede creer en ella.<\/p>\n\n\n\n<p class=\"wp-block-paragraph\">Este es un personaje que va a poner al l\u00edmite tus nervios y tolerancia. Definitivamente, est\u00e1 lejos de ser un hombre de ensue\u00f1o.<\/p>\n\n\n\n<div class=\"wp-block-buttons is-layout-flex wp-block-buttons-is-layout-flex\">\n<div class=\"wp-block-button\"><a class=\"wp-block-button__link wp-element-button\" href=\"https:\/\/www.reelshort.com\/es\/episodes\/episode-1-le-dej%C3%A9-una-carta-no-un-adi%C3%B3s-6a704020378d797bb80cbe92-zo4jv6d9ct\">Ver Serie Ahora &gt;&gt;<\/a><\/div>\n<\/div>\n\n\n\n<h3 class=\"wp-block-heading\"><a><\/a>Lauren&nbsp; \u2013 una mujer obsesionada con algo que no va a ser<\/h3>\n\n\n\n<figure class=\"wp-block-image size-full\"><img loading=\"lazy\" decoding=\"async\" width=\"600\" height=\"400\" src=\"https:\/\/www.reelshort.com\/es\/fandom\/wp-content\/uploads\/2026\/08\/siete-anos-por-nada-completa-06.png\" alt=\"Siete A\u00f1os Por Nada pel\u00edcula\" class=\"wp-image-7873\" srcset=\"https:\/\/www.reelshort.com\/es\/fandom\/wp-content\/uploads\/2026\/08\/siete-anos-por-nada-completa-06.png 600w, https:\/\/www.reelshort.com\/es\/fandom\/wp-content\/uploads\/2026\/08\/siete-anos-por-nada-completa-06-300x200.png 300w\" sizes=\"auto, (max-width: 600px) 100vw, 600px\" \/><\/figure>\n\n\n\n<p class=\"wp-block-paragraph\">Lauren es la cl\u00e1sica villana que desprecia con el alma a la protagonista por ser la esposa del hombre que ama.<\/p>\n\n\n\n<p class=\"wp-block-paragraph\">Es fr\u00eda y calculadora, su falta de escr\u00fapulos solo es comparable con su gran belleza. Est\u00e1 obsesionada con James, desea a toda costa ser su esposa, pero no lo consigue.<\/p>\n\n\n\n<p class=\"wp-block-paragraph\">Ella es la responsable de desencadenar las tragedias que azotan a la familia Carter.<\/p>\n\n\n\n<p class=\"wp-block-paragraph\">Usa su encanto y belleza para desplazar a Grace dentro de la familia y se esmera por ser percibida como la pareja oficial de James.<\/p>\n\n\n\n<p class=\"wp-block-paragraph\">Cree tener control sobre su jefe, pero en realidad es \u00e9l quien la usa como instrumento de tortura contra Grace y eso la desquicia.<\/p>\n\n\n\n<p class=\"wp-block-paragraph\">Pues, no importa cu\u00e1nto se esfuerce, jam\u00e1s podr\u00e1 ser la due\u00f1a del coraz\u00f3n de James.<\/p>\n\n\n\n<h2 id=\"part2\" class=\"wp-block-heading\">Parte 2: Traemos para ti el resumen de algunos de los episodios m\u00e1s emocionantes de Siete A\u00f1os Por Nada<\/h2>\n\n\n\n<h3 class=\"wp-block-heading\">Episodio 1<\/h3>\n\n\n\n<figure class=\"wp-block-image size-full\"><img loading=\"lazy\" decoding=\"async\" width=\"600\" height=\"400\" src=\"https:\/\/www.reelshort.com\/es\/fandom\/wp-content\/uploads\/2026\/08\/siete-anos-por-nada-completa-02.png\" alt=\"Siete A\u00f1os Por Nada serie\" class=\"wp-image-7869\" srcset=\"https:\/\/www.reelshort.com\/es\/fandom\/wp-content\/uploads\/2026\/08\/siete-anos-por-nada-completa-02.png 600w, https:\/\/www.reelshort.com\/es\/fandom\/wp-content\/uploads\/2026\/08\/siete-anos-por-nada-completa-02-300x200.png 300w\" sizes=\"auto, (max-width: 600px) 100vw, 600px\" \/><\/figure>\n\n\n\n<p class=\"wp-block-paragraph\">El inicio de esta historia es fuerte, sin compasi\u00f3n nos coloca en contexto directo de lo que ocurre: Grace est\u00e1 a punto de comenzar el proceso de muerte asistida.<\/p>\n\n\n\n<p class=\"wp-block-paragraph\">Vemos c\u00f3mo sus ojos se cierran y una sonrisa de alivio se dibuja en su rostro. Al mismo tiempo, de propia voz escuchamos las razones que la llevaron a ese punto.<\/p>\n\n\n\n<p class=\"wp-block-paragraph\">Grace cuenta por negarse a mentir en el juicio contra su cu\u00f1ada para ayudarla, la familia Carter y su esposo la culpan por la muerte de la chica.<\/p>\n\n\n\n<p class=\"wp-block-paragraph\">Lo que transforma su vida en un infierno durante cinco agonizantes a\u00f1os.<\/p>\n\n\n\n<h3 class=\"wp-block-heading\">Episodio 3:<\/h3>\n\n\n\n<p class=\"wp-block-paragraph\">De la nada, Grace se queda sin fuerzas y cae al suelo junto con las bandejas de comida que llevaba en las manos, justo frente a James.<\/p>\n\n\n\n<p class=\"wp-block-paragraph\">Su esposo, titubea por un segundo pero despu\u00e9s se va con todo encima de ella, humillandola por su torpeza frente a todos los invitados.<\/p>\n\n\n\n<p class=\"wp-block-paragraph\">Luego, se va del brazo de Lauren que no puede estar m\u00e1s feliz por la escena. Poco despu\u00e9s, Grace recibe la devastadora noticia de su enfermedad.<\/p>\n\n\n\n<h3 class=\"wp-block-heading\">Episodio 5<\/h3>\n\n\n\n<figure class=\"wp-block-image size-full\"><img loading=\"lazy\" decoding=\"async\" width=\"600\" height=\"400\" src=\"https:\/\/www.reelshort.com\/es\/fandom\/wp-content\/uploads\/2026\/08\/siete-anos-por-nada-completa-05.png\" alt=\"Siete A\u00f1os Por Nada final\" class=\"wp-image-7872\" srcset=\"https:\/\/www.reelshort.com\/es\/fandom\/wp-content\/uploads\/2026\/08\/siete-anos-por-nada-completa-05.png 600w, https:\/\/www.reelshort.com\/es\/fandom\/wp-content\/uploads\/2026\/08\/siete-anos-por-nada-completa-05-300x200.png 300w\" sizes=\"auto, (max-width: 600px) 100vw, 600px\" \/><\/figure>\n\n\n\n<p class=\"wp-block-paragraph\">Despu\u00e9s de ser acusada de vandalismo la tumba de Julia, Grace es humillada y castigada por James que la deja tirada en el cementerio agonizante.<\/p>\n\n\n\n<p class=\"wp-block-paragraph\">Su cuerpo debilitado por la enfermedad, no pudo soportar la presi\u00f3n y acaba desencadenando un aborto espontaneo.<\/p>\n\n\n\n<p class=\"wp-block-paragraph\">Con las pocas fuerzas que le quedan, se arrastra por el barro y le suplica a James por ayuda, pero este en su af\u00e1n de castigarla la deja tirada.<\/p>\n\n\n\n<h3 class=\"wp-block-heading\">Episodio 8<\/h3>\n\n\n\n<div class=\"wp-block-buttons is-layout-flex wp-block-buttons-is-layout-flex\">\n<div class=\"wp-block-button\"><a class=\"wp-block-button__link wp-element-button\" href=\"https:\/\/www.reelshort.com\/es\/episodes\/episode-1-le-dej%C3%A9-una-carta-no-un-adi%C3%B3s-6a704020378d797bb80cbe92-zo4jv6d9ct\">Ver Serie Ahora &gt;&gt;<\/a><\/div>\n<\/div>\n\n\n\n<p class=\"wp-block-paragraph\">Grace debe conseguir la firma de James para el proceso de muerte asistida y se las ingenia para conseguirla, aunque no le es tan f\u00e1cil.<\/p>\n\n\n\n<p class=\"wp-block-paragraph\">Primero debe soportar ver a Lauren sobre el regazo de su esposo de forma sugestiva y mir\u00e1ndola con supremac\u00eda.<\/p>\n\n\n\n<p class=\"wp-block-paragraph\">Al principio James cuestiona los papeles que debe firmar, pero seducido por su amante, acaba por darle el consentimiento a Grace que tanto necesita.&nbsp;&nbsp;<\/p>\n\n\n\n<h3 class=\"wp-block-heading\">Episodio 14<\/h3>\n\n\n\n<p class=\"wp-block-paragraph\">Estamos de vuelta al principio, el gran d\u00eda de poner fin a tanto sufrimiento ha llegado. Grace, tiene sentimientos encontrados, pero sabe que est\u00e1 haciendo lo correcto.<\/p>\n\n\n\n<p class=\"wp-block-paragraph\">Oficialmente despu\u00e9s de unas horas, es declarada muerta, por fin puede descansar en paz. Ahora es tiempo de que su esposo se entere de su decisi\u00f3n.<\/p>\n\n\n\n<p class=\"wp-block-paragraph\">James disfruta a lo grande en un casino, rodeado de ejecutivos de su nivel y de la compa\u00f1\u00eda de Lauren cuando recibe la llamada de la cl\u00ednica.<\/p>\n\n\n\n<p class=\"wp-block-paragraph\">\u00bfCu\u00e1l ser\u00e1 su reacci\u00f3n al descubrir que Grace ya no est\u00e1 en este mundo?<\/p>\n\n\n\n<h2 id=\"part3\" class=\"wp-block-heading\">Parte 3: Reflexi\u00f3n y Agon\u00eda: \u00bfPor qu\u00e9 Siete A\u00f1os Por Nada es una serie que te va a mover las fibras?<\/h2>\n\n\n\n<figure class=\"wp-block-image size-full\"><img loading=\"lazy\" decoding=\"async\" width=\"600\" height=\"400\" src=\"https:\/\/www.reelshort.com\/es\/fandom\/wp-content\/uploads\/2026\/08\/siete-anos-por-nada-completa-04.png\" alt=\"Siete A\u00f1os Por Nada dailymotion subtitulada en espanol\" class=\"wp-image-7871\" srcset=\"https:\/\/www.reelshort.com\/es\/fandom\/wp-content\/uploads\/2026\/08\/siete-anos-por-nada-completa-04.png 600w, https:\/\/www.reelshort.com\/es\/fandom\/wp-content\/uploads\/2026\/08\/siete-anos-por-nada-completa-04-300x200.png 300w\" sizes=\"auto, (max-width: 600px) 100vw, 600px\" \/><\/figure>\n\n\n\n<p class=\"wp-block-paragraph\">Siete A\u00f1os Por Nada es una serie capaz de causar un intenso impacto dram\u00e1tico en la audiencia. Y lo sabes desde el primer episodio.<\/p>\n\n\n\n<p class=\"wp-block-paragraph\">Esta historia maneja un argumento que invita a la reflexi\u00f3n constante y al mismo tiempo, te sumerge en la agon\u00eda del personaje.<\/p>\n\n\n\n<p class=\"wp-block-paragraph\">La vives en carne propia, sufres con ella y quieres quedarte a ver como quienes le hicieron da\u00f1o reciben su merecido.<\/p>\n\n\n\n<p class=\"wp-block-paragraph\">Este drama vertical no contiene grandes giros sorpresa, por el contrario el conflicto central evoluciona y se acent\u00faa con el pasar de los episodios.<\/p>\n\n\n\n<p class=\"wp-block-paragraph\">Est\u00e1 construida para que conozcamos el drama que llev\u00f3 a una mujer noble como Grace a querer terminar con su vida y las posteriores consecuencias de esa decisi\u00f3n.<\/p>\n\n\n\n<p class=\"wp-block-paragraph\">Con el pasar de los episodios, son muchas las emociones que podemos sentir, desde lastima hasta la m\u00e1s profunda rabia.<\/p>\n\n\n\n<p class=\"wp-block-paragraph\">Somos testigos de c\u00f3mo una protagonista inocente pasa por las m\u00e1s crueles injusticias a manos de su propio esposo. Un hombre que dice amarla.<\/p>\n\n\n\n<p class=\"wp-block-paragraph\">Si eso no te mueve las fibras, no s\u00e9 qu\u00e9 podr\u00eda hacerlo.<\/p>\n\n\n\n<h2 id=\"part4\" class=\"wp-block-heading\">Parte 4: Conclusi\u00f3n<\/h2>\n\n\n\n<figure class=\"wp-block-image size-full\"><img loading=\"lazy\" decoding=\"async\" width=\"600\" height=\"400\" src=\"https:\/\/www.reelshort.com\/es\/fandom\/wp-content\/uploads\/2026\/08\/siete-anos-por-nada-completa-08.png\" alt=\"Siete A\u00f1os Por Nada d\u00f3nde verla \" class=\"wp-image-7875\" srcset=\"https:\/\/www.reelshort.com\/es\/fandom\/wp-content\/uploads\/2026\/08\/siete-anos-por-nada-completa-08.png 600w, https:\/\/www.reelshort.com\/es\/fandom\/wp-content\/uploads\/2026\/08\/siete-anos-por-nada-completa-08-300x200.png 300w\" sizes=\"auto, (max-width: 600px) 100vw, 600px\" \/><\/figure>\n\n\n\n<p class=\"wp-block-paragraph\">Grace toma una decisi\u00f3n radical para acabar con su sufrimiento, lo hace en pez y con la certeza que le est\u00e1 dando al hombre que ama justo lo que desea: su ausencia.<\/p>\n\n\n\n<p class=\"wp-block-paragraph\">&nbsp;James es un hombre desequilibrado y abusivo, que se deja consumir por el dolor y castiga de forma desmedida a la mujer que ama por una injusticia.<\/p>\n\n\n\n<p class=\"wp-block-paragraph\">Como si su dolor fuese el \u00fanico que importara y jam\u00e1s se detienen a ver el da\u00f1o que est\u00e1 causando hasta que es demasiado tarde. \u00c9l es el verdadero villano.<\/p>\n\n\n\n<p class=\"wp-block-paragraph\">No te la pierdas de esta historia, que encuentras tanto en <a href=\"https:\/\/www.reelshort.com\/es\/tags\/movie-identities\">reelshort<\/a> como en\u00a0 bing como: Le dej\u00e9 una carta, no un adi\u00f3s. Tiene <a href=\"https:\/\/www.reelshort.com\/es\/full-episodes\/le-dej%C3%A9-una-carta-no-un-adi%C3%B3s-6a704020378d797bb80cbe92\">59 episodios<\/a> subtitulados al espa\u00f1ol.<\/p>\n\n\n\n<p class=\"wp-block-paragraph\">Tambi\u00e9n puedes encontrar m\u00e1s historias como esta, descargando la aplicaci\u00f3n de Reelshort o haciendo click en el enlace.<\/p>\n\n\n\n<p class=\"wp-block-paragraph\">\u00a1Hasta un nuevo art\u00edculo!<\/p>\n\n\n\n<div class=\"wp-block-buttons is-layout-flex wp-block-buttons-is-layout-flex\">\n<div class=\"wp-block-button\"><a class=\"wp-block-button__link wp-element-button\" href=\"https:\/\/www.reelshort.com\/es\/episodes\/episode-1-le-dej%C3%A9-una-carta-no-un-adi%C3%B3s-6a704020378d797bb80cbe92-zo4jv6d9ct\">Ver Serie Ahora &gt;&gt;<\/a><\/div>\n<\/div>\n\n\n\n<p class=\"wp-block-paragraph\"><\/p>\n","protected":false},"excerpt":{"rendered":"<p>Grace soport\u00f3 cinco a\u00f1os de maltratos y humillaciones, siendo la sirvienta de la familia de su esposo como castigo por [&hellip;]<\/p>\n","protected":false},"author":5,"featured_media":7877,"comment_status":"open","ping_status":"open","sticky":false,"template":"","format":"standard","meta":{"footnotes":""},"categories":[1],"tags":[],"class_list":["post-7867","post","type-post","status-publish","format-standard","has-post-thumbnail","hentry","category-temas-generales"],"yoast_head":"<!-- This site is optimized with the Yoast SEO plugin v24.0 - https:\/\/yoast.com\/wordpress\/plugins\/seo\/ -->\n<title>Siete A\u00f1os Por Nada Dailymotion \u2013 \u00bfEst\u00e1s preparado para vivir este intenso drama? - ReelShort Fandom En Espa\u00f1ol<\/title>\n<meta name=\"description\" content=\"Ella prefiri\u00f3 morir en soledad que regresar a su lado. Cansada de ser castigada por el hombre que am\u00f3, se entrega en secreto al sue\u00f1o eterno. \u00bfEst\u00e1s preparado para el dolor?\" \/>\n<meta name=\"robots\" content=\"index, follow, max-snippet:-1, max-image-preview:large, max-video-preview:-1\" \/>\n<link rel=\"canonical\" href=\"https:\/\/www.reelshort.com\/es\/fandom\/siete-anos-por-nada-dailymotion-08-1e-1e\/\" \/>\n<meta property=\"og:locale\" content=\"es_ES\" \/>\n<meta property=\"og:type\" content=\"article\" \/>\n<meta property=\"og:title\" content=\"Siete A\u00f1os Por Nada Dailymotion \u2013 \u00bfEst\u00e1s preparado para vivir este intenso drama? - ReelShort Fandom En Espa\u00f1ol\" \/>\n<meta property=\"og:description\" content=\"Ella prefiri\u00f3 morir en soledad que regresar a su lado. Cansada de ser castigada por el hombre que am\u00f3, se entrega en secreto al sue\u00f1o eterno. \u00bfEst\u00e1s preparado para el dolor?\" \/>\n<meta property=\"og:url\" content=\"https:\/\/www.reelshort.com\/es\/fandom\/siete-anos-por-nada-dailymotion-08-1e-1e\/\" \/>\n<meta property=\"og:site_name\" content=\"ReelShort Fandom En Espa\u00f1ol\" \/>\n<meta property=\"article:published_time\" content=\"2026-08-14T02:51:51+00:00\" \/>\n<meta property=\"article:modified_time\" content=\"2026-08-14T02:52:47+00:00\" \/>\n<meta property=\"og:image\" content=\"https:\/\/www.reelshort.com\/es\/fandom\/wp-content\/uploads\/2026\/08\/siete-anos-por-nada-completa-01-1.png\" \/>\n\t<meta property=\"og:image:width\" content=\"600\" \/>\n\t<meta property=\"og:image:height\" content=\"400\" \/>\n\t<meta property=\"og:image:type\" content=\"image\/png\" \/>\n<meta name=\"author\" content=\"Aurelia Windsor\" \/>\n<meta name=\"twitter:card\" content=\"summary_large_image\" \/>\n<meta name=\"twitter:label1\" content=\"Escrito por\" \/>\n\t<meta name=\"twitter:data1\" content=\"Aurelia Windsor\" \/>\n\t<meta name=\"twitter:label2\" content=\"Tiempo de lectura\" \/>\n\t<meta name=\"twitter:data2\" content=\"9 minutos\" \/>\n<script type=\"application\/ld+json\" class=\"yoast-schema-graph\">{\"@context\":\"https:\/\/schema.org\",\"@graph\":[{\"@type\":\"WebPage\",\"@id\":\"https:\/\/www.reelshort.com\/es\/fandom\/siete-anos-por-nada-dailymotion-08-1e-1e\/\",\"url\":\"https:\/\/www.reelshort.com\/es\/fandom\/siete-anos-por-nada-dailymotion-08-1e-1e\/\",\"name\":\"Siete A\u00f1os Por Nada Dailymotion \u2013 \u00bfEst\u00e1s preparado para vivir este intenso drama? - ReelShort Fandom En Espa\u00f1ol\",\"isPartOf\":{\"@id\":\"https:\/\/www.reelshort.com\/es\/fandom\/#website\"},\"primaryImageOfPage\":{\"@id\":\"https:\/\/www.reelshort.com\/es\/fandom\/siete-anos-por-nada-dailymotion-08-1e-1e\/#primaryimage\"},\"image\":{\"@id\":\"https:\/\/www.reelshort.com\/es\/fandom\/siete-anos-por-nada-dailymotion-08-1e-1e\/#primaryimage\"},\"thumbnailUrl\":\"https:\/\/www.reelshort.com\/es\/fandom\/wp-content\/uploads\/2026\/08\/siete-anos-por-nada-completa-01-1.png\",\"datePublished\":\"2026-08-14T02:51:51+00:00\",\"dateModified\":\"2026-08-14T02:52:47+00:00\",\"author\":{\"@id\":\"https:\/\/www.reelshort.com\/es\/fandom\/#\/schema\/person\/df702e0befecf536c08c3a534aa9fbb2\"},\"description\":\"Ella prefiri\u00f3 morir en soledad que regresar a su lado. Cansada de ser castigada por el hombre que am\u00f3, se entrega en secreto al sue\u00f1o eterno. \u00bfEst\u00e1s preparado para el dolor?\",\"breadcrumb\":{\"@id\":\"https:\/\/www.reelshort.com\/es\/fandom\/siete-anos-por-nada-dailymotion-08-1e-1e\/#breadcrumb\"},\"inLanguage\":\"es\",\"potentialAction\":[{\"@type\":\"ReadAction\",\"target\":[\"https:\/\/www.reelshort.com\/es\/fandom\/siete-anos-por-nada-dailymotion-08-1e-1e\/\"]}]},{\"@type\":\"ImageObject\",\"inLanguage\":\"es\",\"@id\":\"https:\/\/www.reelshort.com\/es\/fandom\/siete-anos-por-nada-dailymotion-08-1e-1e\/#primaryimage\",\"url\":\"https:\/\/www.reelshort.com\/es\/fandom\/wp-content\/uploads\/2026\/08\/siete-anos-por-nada-completa-01-1.png\",\"contentUrl\":\"https:\/\/www.reelshort.com\/es\/fandom\/wp-content\/uploads\/2026\/08\/siete-anos-por-nada-completa-01-1.png\",\"width\":600,\"height\":400,\"caption\":\"siete a\u00f1os por nada dailymotion\"},{\"@type\":\"BreadcrumbList\",\"@id\":\"https:\/\/www.reelshort.com\/es\/fandom\/siete-anos-por-nada-dailymotion-08-1e-1e\/#breadcrumb\",\"itemListElement\":[{\"@type\":\"ListItem\",\"position\":1,\"name\":\"Home\",\"item\":\"https:\/\/www.reelshort.com\/es\/fandom\/\"},{\"@type\":\"ListItem\",\"position\":2,\"name\":\"Siete A\u00f1os Por Nada Dailymotion \u2013 \u00bfEst\u00e1s preparado para vivir este intenso drama?\"}]},{\"@type\":\"WebSite\",\"@id\":\"https:\/\/www.reelshort.com\/es\/fandom\/#website\",\"url\":\"https:\/\/www.reelshort.com\/es\/fandom\/\",\"name\":\"ReelShort Fandom En Espa\u00f1ol\",\"description\":\"Para satisfacer toda la curiosidad de los cin\u00e9filos\",\"potentialAction\":[{\"@type\":\"SearchAction\",\"target\":{\"@type\":\"EntryPoint\",\"urlTemplate\":\"https:\/\/www.reelshort.com\/es\/fandom\/?s={search_term_string}\"},\"query-input\":{\"@type\":\"PropertyValueSpecification\",\"valueRequired\":true,\"valueName\":\"search_term_string\"}}],\"inLanguage\":\"es\"},{\"@type\":\"Person\",\"@id\":\"https:\/\/www.reelshort.com\/es\/fandom\/#\/schema\/person\/df702e0befecf536c08c3a534aa9fbb2\",\"name\":\"Aurelia Windsor\",\"image\":{\"@type\":\"ImageObject\",\"inLanguage\":\"es\",\"@id\":\"https:\/\/www.reelshort.com\/es\/fandom\/#\/schema\/person\/image\/\",\"url\":\"https:\/\/secure.gravatar.com\/avatar\/8df2005a06e8a76058ed9c07f50a3e0c91b962f00190fdbc16a7a294724ca100?s=96&d=mm&r=g\",\"contentUrl\":\"https:\/\/secure.gravatar.com\/avatar\/8df2005a06e8a76058ed9c07f50a3e0c91b962f00190fdbc16a7a294724ca100?s=96&d=mm&r=g\",\"caption\":\"Aurelia Windsor\"},\"sameAs\":[\"https:\/\/www.reelshort.com\/\"],\"url\":\"https:\/\/www.reelshort.com\/es\/fandom\/author\/aurelia-windsor\/\"}]}<\/script>\n<!-- \/ Yoast SEO plugin. -->","yoast_head_json":{"title":"Siete A\u00f1os Por Nada Dailymotion \u2013 \u00bfEst\u00e1s preparado para vivir este intenso drama? - ReelShort Fandom En Espa\u00f1ol","description":"Ella prefiri\u00f3 morir en soledad que regresar a su lado. Cansada de ser castigada por el hombre que am\u00f3, se entrega en secreto al sue\u00f1o eterno. \u00bfEst\u00e1s preparado para el dolor?","robots":{"index":"index","follow":"follow","max-snippet":"max-snippet:-1","max-image-preview":"max-image-preview:large","max-video-preview":"max-video-preview:-1"},"canonical":"https:\/\/www.reelshort.com\/es\/fandom\/siete-anos-por-nada-dailymotion-08-1e-1e\/","og_locale":"es_ES","og_type":"article","og_title":"Siete A\u00f1os Por Nada Dailymotion \u2013 \u00bfEst\u00e1s preparado para vivir este intenso drama? - ReelShort Fandom En Espa\u00f1ol","og_description":"Ella prefiri\u00f3 morir en soledad que regresar a su lado. Cansada de ser castigada por el hombre que am\u00f3, se entrega en secreto al sue\u00f1o eterno. \u00bfEst\u00e1s preparado para el dolor?","og_url":"https:\/\/www.reelshort.com\/es\/fandom\/siete-anos-por-nada-dailymotion-08-1e-1e\/","og_site_name":"ReelShort Fandom En Espa\u00f1ol","article_published_time":"2026-08-14T02:51:51+00:00","article_modified_time":"2026-08-14T02:52:47+00:00","og_image":[{"width":600,"height":400,"url":"https:\/\/www.reelshort.com\/es\/fandom\/wp-content\/uploads\/2026\/08\/siete-anos-por-nada-completa-01-1.png","type":"image\/png"}],"author":"Aurelia Windsor","twitter_card":"summary_large_image","twitter_misc":{"Escrito por":"Aurelia Windsor","Tiempo de lectura":"9 minutos"},"schema":{"@context":"https:\/\/schema.org","@graph":[{"@type":"WebPage","@id":"https:\/\/www.reelshort.com\/es\/fandom\/siete-anos-por-nada-dailymotion-08-1e-1e\/","url":"https:\/\/www.reelshort.com\/es\/fandom\/siete-anos-por-nada-dailymotion-08-1e-1e\/","name":"Siete A\u00f1os Por Nada Dailymotion \u2013 \u00bfEst\u00e1s preparado para vivir este intenso drama? - ReelShort Fandom En Espa\u00f1ol","isPartOf":{"@id":"https:\/\/www.reelshort.com\/es\/fandom\/#website"},"primaryImageOfPage":{"@id":"https:\/\/www.reelshort.com\/es\/fandom\/siete-anos-por-nada-dailymotion-08-1e-1e\/#primaryimage"},"image":{"@id":"https:\/\/www.reelshort.com\/es\/fandom\/siete-anos-por-nada-dailymotion-08-1e-1e\/#primaryimage"},"thumbnailUrl":"https:\/\/www.reelshort.com\/es\/fandom\/wp-content\/uploads\/2026\/08\/siete-anos-por-nada-completa-01-1.png","datePublished":"2026-08-14T02:51:51+00:00","dateModified":"2026-08-14T02:52:47+00:00","author":{"@id":"https:\/\/www.reelshort.com\/es\/fandom\/#\/schema\/person\/df702e0befecf536c08c3a534aa9fbb2"},"description":"Ella prefiri\u00f3 morir en soledad que regresar a su lado. Cansada de ser castigada por el hombre que am\u00f3, se entrega en secreto al sue\u00f1o eterno. \u00bfEst\u00e1s preparado para el dolor?","breadcrumb":{"@id":"https:\/\/www.reelshort.com\/es\/fandom\/siete-anos-por-nada-dailymotion-08-1e-1e\/#breadcrumb"},"inLanguage":"es","potentialAction":[{"@type":"ReadAction","target":["https:\/\/www.reelshort.com\/es\/fandom\/siete-anos-por-nada-dailymotion-08-1e-1e\/"]}]},{"@type":"ImageObject","inLanguage":"es","@id":"https:\/\/www.reelshort.com\/es\/fandom\/siete-anos-por-nada-dailymotion-08-1e-1e\/#primaryimage","url":"https:\/\/www.reelshort.com\/es\/fandom\/wp-content\/uploads\/2026\/08\/siete-anos-por-nada-completa-01-1.png","contentUrl":"https:\/\/www.reelshort.com\/es\/fandom\/wp-content\/uploads\/2026\/08\/siete-anos-por-nada-completa-01-1.png","width":600,"height":400,"caption":"siete a\u00f1os por nada dailymotion"},{"@type":"BreadcrumbList","@id":"https:\/\/www.reelshort.com\/es\/fandom\/siete-anos-por-nada-dailymotion-08-1e-1e\/#breadcrumb","itemListElement":[{"@type":"ListItem","position":1,"name":"Home","item":"https:\/\/www.reelshort.com\/es\/fandom\/"},{"@type":"ListItem","position":2,"name":"Siete A\u00f1os Por Nada Dailymotion \u2013 \u00bfEst\u00e1s preparado para vivir este intenso drama?"}]},{"@type":"WebSite","@id":"https:\/\/www.reelshort.com\/es\/fandom\/#website","url":"https:\/\/www.reelshort.com\/es\/fandom\/","name":"ReelShort Fandom En Espa\u00f1ol","description":"Para satisfacer toda la curiosidad de los cin\u00e9filos","potentialAction":[{"@type":"SearchAction","target":{"@type":"EntryPoint","urlTemplate":"https:\/\/www.reelshort.com\/es\/fandom\/?s={search_term_string}"},"query-input":{"@type":"PropertyValueSpecification","valueRequired":true,"valueName":"search_term_string"}}],"inLanguage":"es"},{"@type":"Person","@id":"https:\/\/www.reelshort.com\/es\/fandom\/#\/schema\/person\/df702e0befecf536c08c3a534aa9fbb2","name":"Aurelia Windsor","image":{"@type":"ImageObject","inLanguage":"es","@id":"https:\/\/www.reelshort.com\/es\/fandom\/#\/schema\/person\/image\/","url":"https:\/\/secure.gravatar.com\/avatar\/8df2005a06e8a76058ed9c07f50a3e0c91b962f00190fdbc16a7a294724ca100?s=96&d=mm&r=g","contentUrl":"https:\/\/secure.gravatar.com\/avatar\/8df2005a06e8a76058ed9c07f50a3e0c91b962f00190fdbc16a7a294724ca100?s=96&d=mm&r=g","caption":"Aurelia Windsor"},"sameAs":["https:\/\/www.reelshort.com\/"],"url":"https:\/\/www.reelshort.com\/es\/fandom\/author\/aurelia-windsor\/"}]}},"_links":{"self":[{"href":"https:\/\/www.reelshort.com\/es\/fandom\/wp-json\/wp\/v2\/posts\/7867","targetHints":{"allow":["GET"]}}],"collection":[{"href":"https:\/\/www.reelshort.com\/es\/fandom\/wp-json\/wp\/v2\/posts"}],"about":[{"href":"https:\/\/www.reelshort.com\/es\/fandom\/wp-json\/wp\/v2\/types\/post"}],"author":[{"embeddable":true,"href":"https:\/\/www.reelshort.com\/es\/fandom\/wp-json\/wp\/v2\/users\/5"}],"replies":[{"embeddable":true,"href":"https:\/\/www.reelshort.com\/es\/fandom\/wp-json\/wp\/v2\/comments?post=7867"}],"version-history":[{"count":2,"href":"https:\/\/www.reelshort.com\/es\/fandom\/wp-json\/wp\/v2\/posts\/7867\/revisions"}],"predecessor-version":[{"id":7879,"href":"https:\/\/www.reelshort.com\/es\/fandom\/wp-json\/wp\/v2\/posts\/7867\/revisions\/7879"}],"wp:featuredmedia":[{"embeddable":true,"href":"https:\/\/www.reelshort.com\/es\/fandom\/wp-json\/wp\/v2\/media\/7877"}],"wp:attachment":[{"href":"https:\/\/www.reelshort.com\/es\/fandom\/wp-json\/wp\/v2\/media?parent=7867"}],"wp:term":[{"taxonomy":"category","embeddable":true,"href":"https:\/\/www.reelshort.com\/es\/fandom\/wp-json\/wp\/v2\/categories?post=7867"},{"taxonomy":"post_tag","embeddable":true,"href":"https:\/\/www.reelshort.com\/es\/fandom\/wp-json\/wp\/v2\/tags?post=7867"}],"curies":[{"name":"wp","href":"https:\/\/api.w.org\/{rel}","templated":true}]}}