{"id":7880,"date":"2026-08-14T11:06:20","date_gmt":"2026-08-14T03:06:20","guid":{"rendered":"https:\/\/www.reelshort.com\/es\/fandom\/?p=7880"},"modified":"2026-08-14T11:06:31","modified_gmt":"2026-08-14T03:06:31","slug":"siete-anos-por-nada-drama-08-1e-1e","status":"publish","type":"post","link":"https:\/\/www.reelshort.com\/es\/fandom\/siete-anos-por-nada-drama-08-1e-1e\/","title":{"rendered":"El Dolor de Siete A\u00f1os Por Nada Drama \u2013 Juzgada y Traicionada por el Hombre que Amaba"},"content":{"rendered":"\n<p class=\"wp-block-paragraph\">Grace es acusada de haber sido la destrucci\u00f3n de la familia y obligada a trabajar como sirvienta durante cinco a\u00f1os en la casa de su propio esposo.<\/p>\n\n\n\n<p class=\"wp-block-paragraph\">Cuando le diagnostican una enfermedad terminal, escoge la muerte asistida y lo mantiene en secreto. James dice amarla pero ha sido un monstruo con ella \u00bfQu\u00e9 pasar\u00e1 cuando descubra que prefiri\u00f3 morir que quedarse a su lado?<\/p>\n\n\n\n<p class=\"wp-block-paragraph\">Averigualo en: <a href=\"https:\/\/www.reelshort.com\/es\/movie\/le-dej%C3%A9-una-carta-no-un-adi%C3%B3s-6a704020378d797bb80cbe92\">Siete A\u00f1os Por Nada<\/a> Drama<\/p>\n\n\n<p><iframe loading=\"lazy\" id=\"reelshort_player\" width=\"600\" height=\"400\" src=\"https:\/\/www.reelshort.com\/es\/embed\/6a704020378d797bb80cbe92-zo4jv6d9ct?show_controls=true\" title=\"ReelShort video player\" frameBorder=\"0\" allow=\"accelerometer; autoplay; clipboard-write; encrypted-media; gyroscope; picture-in-picture; web-share\" referrerPolicy=\"strict-origin-when-cross-origin\" allowFullScreen ><\/iframe><\/p>\n\n\n<div class=\"wp-block-buttons is-layout-flex wp-block-buttons-is-layout-flex\">\n<div class=\"wp-block-button\"><a class=\"wp-block-button__link wp-element-button\" href=\"https:\/\/www.reelshort.com\/es\/episodes\/episode-1-le-dej%C3%A9-una-carta-no-un-adi%C3%B3s-6a704020378d797bb80cbe92-zo4jv6d9ct\">Ver Serie Ahora &gt;&gt;<\/a><\/div>\n<\/div>\n\n\n\n<ul class=\"wp-block-list\">\n<li><a href=\"#part1\">Parte 1: El Argumento: Un Amor que Mata en Siete A\u00f1os Por Nada  Dailymotion<\/a><\/li>\n\n\n\n<li><a href=\"#part2\">Parte 2: La Cuenta Regresiva Para el Adios: Los Giros M\u00e1s Intensos en Siete A\u00f1os Por Nada<\/a><\/li>\n\n\n\n<li><a href=\"#part3\">Parte 3: Un Amor que Mata: \u00bfQu\u00e9 podemos intuir sobre el final de Siete A\u00f1os Por Nada  Dailymotion? <\/a><\/li>\n\n\n\n<li><a href=\"#part4\">Parte 4: Conclusi\u00f3n<\/a><\/li>\n<\/ul>\n\n\n\n<h2 id=\"part1\" class=\"wp-block-heading\">Parte 1: El Argumento: Un Amor que Mata en Siete A\u00f1os Por Nada&nbsp; Dailymotion<\/h2>\n\n\n\n<h3 class=\"wp-block-heading\">El d\u00eda que todo se derrumb\u00f3<\/h3>\n\n\n\n<figure class=\"wp-block-image size-full\"><img loading=\"lazy\" decoding=\"async\" width=\"600\" height=\"400\" src=\"https:\/\/www.reelshort.com\/es\/fandom\/wp-content\/uploads\/2026\/08\/siete-anos-por-nada-drama-02.png\" alt=\"Siete A\u00f1os Por Nada   dailymotion\" class=\"wp-image-7888\" srcset=\"https:\/\/www.reelshort.com\/es\/fandom\/wp-content\/uploads\/2026\/08\/siete-anos-por-nada-drama-02.png 600w, https:\/\/www.reelshort.com\/es\/fandom\/wp-content\/uploads\/2026\/08\/siete-anos-por-nada-drama-02-300x200.png 300w\" sizes=\"auto, (max-width: 600px) 100vw, 600px\" \/><\/figure>\n\n\n\n<p class=\"wp-block-paragraph\">Desde el comienzo, nos damos cuenta que este es uno de esos dramas verticales dise\u00f1ados para hacernos sufrir y sentir en carne propia el conflicto.<\/p>\n\n\n\n<p class=\"wp-block-paragraph\">De entrada vemos a Grace dentro de una c\u00e1psula especial, a punto de cerrar la puerta y dar inicio al proceso de muerte asistida.<\/p>\n\n\n\n<p class=\"wp-block-paragraph\">La chica tom\u00f3 la decisi\u00f3n de entregarse a la muerte. Pero \u00bfPor qu\u00e9? \u00bfQu\u00e9 razones tendr\u00eda para tomar una decisi\u00f3n tan radical?.<\/p>\n\n\n\n<p class=\"wp-block-paragraph\">Esas son las preguntas que la historia va a responder.<\/p>\n\n\n\n<p class=\"wp-block-paragraph\">Para ponernos en contexto, hay que retroceder cinco a\u00f1os al pasado, al d\u00eda que todo se vino abajo y la vida de Grace se convirti\u00f3 en un infierno.<\/p>\n\n\n\n<p class=\"wp-block-paragraph\">La historia comienza dentro de una correccional, los Carter reclaman hist\u00e9ricos porque Grace no minti\u00f3 frente al juez y ahora su hija tendr\u00e1 que ir a prisi\u00f3n.<\/p>\n\n\n\n<p class=\"wp-block-paragraph\">Julia estaba siendo juzgada por atropellar a una persona en estado de ebriedad y su familia le exigi\u00f3 a Grace que mintiera para librarla de la condena.<\/p>\n\n\n\n<p class=\"wp-block-paragraph\">La chica que perdi\u00f3 a sus padres en un accidente similar, fue incapaz de sostener aquella versi\u00f3n y termin\u00f3 contando toda la verdad.<\/p>\n\n\n\n<p class=\"wp-block-paragraph\">Su declaraci\u00f3n fue determinante para que su cu\u00f1ada fuese enviada a prisi\u00f3n, convirti\u00e9ndola en la peor enemiga de sus suegros.<\/p>\n\n\n\n<h3 class=\"wp-block-heading\"><a><\/a>Del amor infinito al odio m\u00e1s profundo<\/h3>\n\n\n\n<figure class=\"wp-block-image size-full\"><img loading=\"lazy\" decoding=\"async\" width=\"600\" height=\"400\" src=\"https:\/\/www.reelshort.com\/es\/fandom\/wp-content\/uploads\/2026\/08\/siete-anos-por-nada-drama-03.png\" alt=\"Siete A\u00f1os Por Nada   serie completa\" class=\"wp-image-7881\" srcset=\"https:\/\/www.reelshort.com\/es\/fandom\/wp-content\/uploads\/2026\/08\/siete-anos-por-nada-drama-03.png 600w, https:\/\/www.reelshort.com\/es\/fandom\/wp-content\/uploads\/2026\/08\/siete-anos-por-nada-drama-03-300x200.png 300w\" sizes=\"auto, (max-width: 600px) 100vw, 600px\" \/><\/figure>\n\n\n\n<p class=\"wp-block-paragraph\">Al principio, su esposo James la apoy\u00f3 incondicionalmente y la defendi\u00f3 de la furia de sus suegros, recordando que ella era una persona incapaz de mentir.<\/p>\n\n\n\n<p class=\"wp-block-paragraph\">Pero, todo ese amor incondicional cambi\u00f3 en un instante.<\/p>\n\n\n\n<p class=\"wp-block-paragraph\">Un guardia de la prisi\u00f3n acelerado, interrumpe la conversaci\u00f3n familiar y comunica una terrible noticia, Julia ha fallecido.<\/p>\n\n\n\n<p class=\"wp-block-paragraph\">La consternaci\u00f3n se apodera del ambiente, ninguno puede entender como ocurri\u00f3 semejante tragedia. Los Carter se enloquecen y Grace es invadida por la culpa.<\/p>\n\n\n\n<p class=\"wp-block-paragraph\">El guardia explica que hubo una fuerte ri\u00f1a dentro de la celda y otras reclusas golpearon sin piedad a Julia hasta arrebatarle la vida.<\/p>\n\n\n\n<p class=\"wp-block-paragraph\">Ver el cuerpo de su hermana&nbsp; en el suelo de la prisi\u00f3n, rompi\u00f3 algo dentro de James y lo llen\u00f3 de odio, contra los responsables y contra Grace.<\/p>\n\n\n\n<p class=\"wp-block-paragraph\">A partir de ese momento, dej\u00f3 de verla como su amada esposa para mirarla como su principal enemiga. El coraz\u00f3n de Grace se rompi\u00f3.<\/p>\n\n\n\n<p class=\"wp-block-paragraph\">James jur\u00f3 delante de sus padres que la har\u00eda pagar por lo que sucedi\u00f3 con Julia, de un momento a otro, toda la culpa recay\u00f3 sobre la pobre Grace.<\/p>\n\n\n\n<div class=\"wp-block-buttons is-layout-flex wp-block-buttons-is-layout-flex\">\n<div class=\"wp-block-button\"><a class=\"wp-block-button__link wp-element-button\" href=\"https:\/\/www.reelshort.com\/es\/episodes\/episode-1-le-dej%C3%A9-una-carta-no-un-adi%C3%B3s-6a704020378d797bb80cbe92-zo4jv6d9ct\">Ver Serie Ahora &gt;&gt;<\/a><\/div>\n<\/div>\n\n\n\n<h3 class=\"wp-block-heading\"><a><\/a>El enemigo en la sombra<\/h3>\n\n\n\n<figure class=\"wp-block-image size-full\"><img loading=\"lazy\" decoding=\"async\" width=\"600\" height=\"400\" src=\"https:\/\/www.reelshort.com\/es\/fandom\/wp-content\/uploads\/2026\/08\/siete-anos-por-nada-drama-04.png\" alt=\"Siete A\u00f1os Por Nada serie\" class=\"wp-image-7882\" srcset=\"https:\/\/www.reelshort.com\/es\/fandom\/wp-content\/uploads\/2026\/08\/siete-anos-por-nada-drama-04.png 600w, https:\/\/www.reelshort.com\/es\/fandom\/wp-content\/uploads\/2026\/08\/siete-anos-por-nada-drama-04-300x200.png 300w\" sizes=\"auto, (max-width: 600px) 100vw, 600px\" \/><\/figure>\n\n\n\n<p class=\"wp-block-paragraph\">Detr\u00e1s del dolor de la familia Carter, estaba una mujer obsesionada con James. Lauren, su asistente personal y mente maestra tras su tragedia.<\/p>\n\n\n\n<p class=\"wp-block-paragraph\">Con el \u00fanico inter\u00e9s de separar a Grace de James, plane\u00f3 todo el accidente y no le import\u00f3 sacrificar a Julia. Su terrible plan dio resultado.<\/p>\n\n\n\n<p class=\"wp-block-paragraph\">De vuelta en el presente, Grace es tratada como una sirvienta por los Carter y su matrimonio se convirti\u00f3 en una farsa y un motivo de humillaci\u00f3n.<\/p>\n\n\n\n<p class=\"wp-block-paragraph\">Todos en la alta sociedad hablan a sus espaldas y la acusan de ser la responsable de la muerte de Julia. Es la comidilla en cualquier evento social.<\/p>\n\n\n\n<p class=\"wp-block-paragraph\">James no quiere divorciarse de ella, su prop\u00f3sito es mantenerla cerca y asegurarse que sufra, que llore l\u00e1grimas de sangre por lo que le pas\u00f3 a su hermana.<\/p>\n\n\n\n<p class=\"wp-block-paragraph\">A\u00fan sabiendo en el fondo que es inocente \u2013\u00bfQu\u00e9 clase de amor es ese? \u2013.<\/p>\n\n\n\n<p class=\"wp-block-paragraph\">En su af\u00e1n de herirla en lo m\u00e1s profundo, se pasea por todos lados con Lauren del brazo y deja que sus amistades especulen sobre su tipo de relaci\u00f3n.<\/p>\n\n\n\n<p class=\"wp-block-paragraph\">La abraza, incluso la besa delante de ella, quiere hacer que llore l\u00e1grimas de sangre.<\/p>\n\n\n\n<h2 id=\"part2\" class=\"wp-block-heading\">Parte 2: La Cuenta Regresiva Para el Adios: Los Giros M\u00e1s Intensos en Siete A\u00f1os Por Nada<\/h2>\n\n\n\n<h3 class=\"wp-block-heading\"><a><\/a>Un diagn\u00f3stico devastador<\/h3>\n\n\n\n<figure class=\"wp-block-image size-full\"><img loading=\"lazy\" decoding=\"async\" width=\"600\" height=\"400\" src=\"https:\/\/www.reelshort.com\/es\/fandom\/wp-content\/uploads\/2026\/08\/siete-anos-por-nada-drama-06.png\" alt=\"Siete A\u00f1os Por Nada  final\" class=\"wp-image-7884\" srcset=\"https:\/\/www.reelshort.com\/es\/fandom\/wp-content\/uploads\/2026\/08\/siete-anos-por-nada-drama-06.png 600w, https:\/\/www.reelshort.com\/es\/fandom\/wp-content\/uploads\/2026\/08\/siete-anos-por-nada-drama-06-300x200.png 300w\" sizes=\"auto, (max-width: 600px) 100vw, 600px\" \/><\/figure>\n\n\n\n<p class=\"wp-block-paragraph\">Mientras era v\u00edctima del odio de su marido, Grace se fue deteriorando lentamente. Su cuerpo no fue capaz de manejar tanto estr\u00e9s.<\/p>\n\n\n\n<p class=\"wp-block-paragraph\">Estaba d\u00e9bil, se desmayaba e incluso perd\u00eda la fuerza en sus manos. Entonces, una eventual evaluaci\u00f3n m\u00e9dica revel\u00f3 la verdad.<\/p>\n\n\n\n<p class=\"wp-block-paragraph\">Por los ex\u00e1menes le diagnosticaron una terrible enfermedad terminal, incurable y degenerativa. recibir la noticia fue devastador.<\/p>\n\n\n\n<p class=\"wp-block-paragraph\">Grace estaba sola en el mundo, sus padres hab\u00edan fallecido a\u00f1os atr\u00e1s y el hombre que jur\u00f3 amarla y protegerla, era quien m\u00e1s da\u00f1o le estaba haciendo.<\/p>\n\n\n\n<p class=\"wp-block-paragraph\">La parte m\u00e1s cruel, fue descubrir que estaba embarazada en medio del proceso y tener que decidir entre el tratamiento y la vida de su hijo.<\/p>\n\n\n\n<p class=\"wp-block-paragraph\">Grace sin dudar renunci\u00f3 al tratamiento que pod\u00eda extender su calidad de vida por unos a\u00f1os, con tal de dar a luz al hijo que esperaba.<\/p>\n\n\n\n<p class=\"wp-block-paragraph\">La doctora le advierte que si contin\u00faa con esa decisi\u00f3n, ella no sobrevivir\u00e1 as\u00ed el embarazo llegue a t\u00e9rmino, a Grace no le importaba, ella quer\u00eda tener a su beb\u00e9.<\/p>\n\n\n\n<p class=\"wp-block-paragraph\">Ahora, seguro te preguntas; Si James la odia tanto \u00bfComo puede estar embarazada?<\/p>\n\n\n\n<p class=\"wp-block-paragraph\">La respuesta es complicada, pero, la versi\u00f3n corta es que una noche James estaba ebrio y no se resisti\u00f3 a poseerla. La experiencia para ella fue muy dolorosa.<\/p>\n\n\n\n<div class=\"wp-block-buttons is-layout-flex wp-block-buttons-is-layout-flex\">\n<div class=\"wp-block-button\"><a class=\"wp-block-button__link wp-element-button\" href=\"https:\/\/www.reelshort.com\/es\/episodes\/episode-1-le-dej%C3%A9-una-carta-no-un-adi%C3%B3s-6a704020378d797bb80cbe92-zo4jv6d9ct\">Ver Serie Ahora &gt;&gt;<\/a><\/div>\n<\/div>\n\n\n\n<h3 class=\"wp-block-heading\"><a><\/a>Una decisi\u00f3n que no tiene vuelta atr\u00e1s<\/h3>\n\n\n\n<figure class=\"wp-block-image size-full\"><img loading=\"lazy\" decoding=\"async\" width=\"600\" height=\"400\" src=\"https:\/\/www.reelshort.com\/es\/fandom\/wp-content\/uploads\/2026\/08\/siete-anos-por-nada-drama-05.png\" alt=\"Siete A\u00f1os Por Nada dailymotion en espa\u00f1ol\" class=\"wp-image-7883\" srcset=\"https:\/\/www.reelshort.com\/es\/fandom\/wp-content\/uploads\/2026\/08\/siete-anos-por-nada-drama-05.png 600w, https:\/\/www.reelshort.com\/es\/fandom\/wp-content\/uploads\/2026\/08\/siete-anos-por-nada-drama-05-300x200.png 300w\" sizes=\"auto, (max-width: 600px) 100vw, 600px\" \/><\/figure>\n\n\n\n<p class=\"wp-block-paragraph\">La vida para Grace se hab\u00eda vuelto muy dolorosa, tanto f\u00edsica como emocionalmente. Estaba enferma y era humillada a diario por su esposo, en una casa que se sent\u00eda como el infierno.<\/p>\n\n\n\n<p class=\"wp-block-paragraph\">Lo \u00fanico que le devolvi\u00f3 la esperanza para seguir adelante, fue saber que estaba esperando un hijo, el beb\u00e9 que tanto so\u00f1\u00f3 tener. Pero su felicidad durar\u00eda muy poco.<\/p>\n\n\n\n<p class=\"wp-block-paragraph\">\u00bfRecuerdas a Lauren, la obsesionada con James?<\/p>\n\n\n\n<p class=\"wp-block-paragraph\">Esa&nbsp; mujer no estaba satisfecha con el da\u00f1o que ya le hab\u00eda hecho, ella quer\u00eda m\u00e1s, destruirla hasta los cimientos, utilizando a James para hacerlo.<\/p>\n\n\n\n<p class=\"wp-block-paragraph\">Como buena villana despiadada, manipul\u00f3 a la perfecci\u00f3n a James para convencerlo de que Grace hab\u00eda estado mancillando la memoria de Julia.<\/p>\n\n\n\n<p class=\"wp-block-paragraph\">Le sac\u00f3 mucho provecho al temperamento vol\u00e1til de ese hombre y funcion\u00f3. James explota de colera contra la mujer que una vez am\u00f3.<\/p>\n\n\n\n<p class=\"wp-block-paragraph\">La rabia hab\u00eda consumido su capacidad para ver m\u00e1s all\u00e1 de la situaci\u00f3n y lo hizo incapaz de notar el fr\u00e1gil estado de Grace.<\/p>\n\n\n\n<p class=\"wp-block-paragraph\">Fue tan cruel tan f\u00edsica y emocionalmente con ella, que su cuerpo no lo soport\u00f3 y perdi\u00f3 el beb\u00e9 que con tanta ilusi\u00f3n esperaba.<\/p>\n\n\n\n<p class=\"wp-block-paragraph\">Todo ese dolor junto con la decepci\u00f3n de perder a su hijo, la llev\u00f3 a tomar una radical decisi\u00f3n: practicarse la muerte asistida en secreto.<\/p>\n\n\n\n<p class=\"wp-block-paragraph\">Y as\u00ed es como llegamos al principio. \u00bfQu\u00e9 pasar\u00e1 cuando James se entere?<\/p>\n\n\n\n<h2 id=\"part3\" class=\"wp-block-heading\">Parte 3: Un Amor que Mata: \u00bfQu\u00e9 podemos intuir sobre el final de Siete A\u00f1os Por Nada&nbsp; Dailymotion?<\/h2>\n\n\n\n<figure class=\"wp-block-image size-full\"><img loading=\"lazy\" decoding=\"async\" width=\"600\" height=\"400\" src=\"https:\/\/www.reelshort.com\/es\/fandom\/wp-content\/uploads\/2026\/08\/siete-anos-por-nada-drama-01.png\" alt=\"Siete A\u00f1os Por Nada completa en espa\u00f1ol latino\" class=\"wp-image-7887\" srcset=\"https:\/\/www.reelshort.com\/es\/fandom\/wp-content\/uploads\/2026\/08\/siete-anos-por-nada-drama-01.png 600w, https:\/\/www.reelshort.com\/es\/fandom\/wp-content\/uploads\/2026\/08\/siete-anos-por-nada-drama-01-300x200.png 300w\" sizes=\"auto, (max-width: 600px) 100vw, 600px\" \/><\/figure>\n\n\n\n<p class=\"wp-block-paragraph\">Esta historia es de esas que tienen una inmensa carga dram\u00e1tica, desde el inicio podemos intuir que vamos a sufrir de lo lindo con el pasar de <a href=\"https:\/\/www.reelshort.com\/es\/full-episodes\/le-dej%C3%A9-una-carta-no-un-adi%C3%B3s-6a704020378d797bb80cbe92\">los episodios<\/a>.<\/p>\n\n\n\n<p class=\"wp-block-paragraph\">Y \u2013alerta de spoiler \u2013as\u00ed es. En los primeros minutos de la historia, ya sabemos que nuestra estabilidad emocional se va ir por un barranco.<\/p>\n\n\n\n<p class=\"wp-block-paragraph\">Entonces, \u00bfqu\u00e9 podemos esperar de esta historia? \u2013Drama, mucho, mucho Drama \u2013.<\/p>\n\n\n\n<p class=\"wp-block-paragraph\">Sabemos que Grace tom\u00f3 la decisi\u00f3n de poner fin a su vida, mediante una muerte asistida, pero \u00bfQu\u00e9 va a pasar cuando James se entere?<\/p>\n\n\n\n<p class=\"wp-block-paragraph\">Durante la primera parte de la historia, lo vimos pasar de un hombre enamorado a ser un completo desgraciado con ella, pero \u00bfser\u00e1 que su muerte lo va a impactar?<\/p>\n\n\n\n<p class=\"wp-block-paragraph\">Porque hay un detalle peque\u00f1o, pero con un gran significado. Pese a odiarla, no ha sido capaz de abandonarla ni de darle el divorcio. \u00bfSer\u00e1 que en el fondo a\u00fan la ama?<\/p>\n\n\n\n<p class=\"wp-block-paragraph\">Durante cinco a\u00f1os, la humill\u00f3 de todas las formas posibles, la abandon\u00f3 emocionalmente y la castig\u00f3 por algo que no estaba dentro de su control.<\/p>\n\n\n\n<p class=\"wp-block-paragraph\">Su amor, es de esos que te llevan a la muerte, y eso fue lo que pas\u00f3 con Grace.<\/p>\n\n\n\n<p class=\"wp-block-paragraph\">C\u00f3mo p\u00fablico ansiamos el momento en que James pague con sangre, todo el da\u00f1o que le hizo a nuestra querida Grace, porque el perd\u00f3n no es una opci\u00f3n.<\/p>\n\n\n\n<p class=\"wp-block-paragraph\">Y t\u00fa \u00bfQu\u00e9 piensas de eso?<\/p>\n\n\n\n<div class=\"wp-block-buttons is-layout-flex wp-block-buttons-is-layout-flex\">\n<div class=\"wp-block-button\"><a class=\"wp-block-button__link wp-element-button\" href=\"https:\/\/www.reelshort.com\/es\/episodes\/episode-1-le-dej%C3%A9-una-carta-no-un-adi%C3%B3s-6a704020378d797bb80cbe92-zo4jv6d9ct\">Ver Serie Ahora &gt;&gt;<\/a><\/div>\n<\/div>\n\n\n\n<h2 id=\"part4\" class=\"wp-block-heading\">Conclusi\u00f3n:<\/h2>\n\n\n\n<figure class=\"wp-block-image size-full\"><img loading=\"lazy\" decoding=\"async\" width=\"600\" height=\"400\" src=\"https:\/\/www.reelshort.com\/es\/fandom\/wp-content\/uploads\/2026\/08\/siete-anos-por-nada-drama-07.png\" alt=\"Siete A\u00f1os Por Nada pel\u00edcula completa en espa\u00f1ol\" class=\"wp-image-7885\" srcset=\"https:\/\/www.reelshort.com\/es\/fandom\/wp-content\/uploads\/2026\/08\/siete-anos-por-nada-drama-07.png 600w, https:\/\/www.reelshort.com\/es\/fandom\/wp-content\/uploads\/2026\/08\/siete-anos-por-nada-drama-07-300x200.png 300w\" sizes=\"auto, (max-width: 600px) 100vw, 600px\" \/><\/figure>\n\n\n\n<p class=\"wp-block-paragraph\">Esta serie posee una carga dram\u00e1tica tan impresionante, que despu\u00e9s de ver sus primeros episodios, sabes que no te van a alcanzar los pa\u00f1uelos.<\/p>\n\n\n\n<p class=\"wp-block-paragraph\">Aunque tiene elementos cl\u00e1sicos, el tri\u00e1ngulo amoroso y el enemigo en las sombras, no podemos esperar un final feliz, solo justicia po\u00e9tica. \u2013Bueno, es un tipo de final feliz \u2013.<\/p>\n\n\n\n<p class=\"wp-block-paragraph\">Es la historia de un matrimonio feliz que se cae a pedazos por una conspiraci\u00f3n orquestada por una mujer obsesionada con separarlos.<\/p>\n\n\n\n<p class=\"wp-block-paragraph\">Pero, que en el proceso pone evidencia la verdadera personalidad del pr\u00edncipe azul y nos hace reflexionar a fondo, porque la bella durmiente esta vez no va a despertar.<\/p>\n\n\n\n<p class=\"wp-block-paragraph\">Entonces, si eres amante de las series impactantes, te invito a descargar la aplicaci\u00f3n de <a href=\"https:\/\/www.reelshort.com\/es\/tags\/story-beats\">ReelShort<\/a> o si quieres puedes hacer click en el enlace.<\/p>\n\n\n\n<p class=\"wp-block-paragraph\">\u00a1Nos vemos!<\/p>\n\n\n\n<p class=\"wp-block-paragraph\"><\/p>\n","protected":false},"excerpt":{"rendered":"<p>Grace es acusada de haber sido la destrucci\u00f3n de la familia y obligada a trabajar como sirvienta durante cinco a\u00f1os [&hellip;]<\/p>\n","protected":false},"author":5,"featured_media":7886,"comment_status":"open","ping_status":"open","sticky":false,"template":"","format":"standard","meta":{"footnotes":""},"categories":[1],"tags":[],"class_list":["post-7880","post","type-post","status-publish","format-standard","has-post-thumbnail","hentry","category-temas-generales"],"yoast_head":"<!-- This site is optimized with the Yoast SEO plugin v24.0 - https:\/\/yoast.com\/wordpress\/plugins\/seo\/ -->\n<title>El Dolor de Siete A\u00f1os Por Nada Drama \u2013 Juzgada y Traicionada por el Hombre que Amaba - ReelShort Fandom En Espa\u00f1ol<\/title>\n<meta name=\"description\" content=\"Ella no acept\u00f3 la culpa por un crimen que no cometi\u00f3 y la acusaron de destruir a la familia. La humillaron y maltrataron por a\u00f1os, hasta que decidi\u00f3 poner fin a su vida, dejando apenas una carta.\" \/>\n<meta name=\"robots\" content=\"index, follow, max-snippet:-1, max-image-preview:large, max-video-preview:-1\" \/>\n<link rel=\"canonical\" href=\"https:\/\/www.reelshort.com\/es\/fandom\/siete-anos-por-nada-drama-08-1e-1e\/\" \/>\n<meta property=\"og:locale\" content=\"es_ES\" \/>\n<meta property=\"og:type\" content=\"article\" \/>\n<meta property=\"og:title\" content=\"El Dolor de Siete A\u00f1os Por Nada Drama \u2013 Juzgada y Traicionada por el Hombre que Amaba - ReelShort Fandom En Espa\u00f1ol\" \/>\n<meta property=\"og:description\" content=\"Ella no acept\u00f3 la culpa por un crimen que no cometi\u00f3 y la acusaron de destruir a la familia. La humillaron y maltrataron por a\u00f1os, hasta que decidi\u00f3 poner fin a su vida, dejando apenas una carta.\" \/>\n<meta property=\"og:url\" content=\"https:\/\/www.reelshort.com\/es\/fandom\/siete-anos-por-nada-drama-08-1e-1e\/\" \/>\n<meta property=\"og:site_name\" content=\"ReelShort Fandom En Espa\u00f1ol\" \/>\n<meta property=\"article:published_time\" content=\"2026-08-14T03:06:20+00:00\" \/>\n<meta property=\"article:modified_time\" content=\"2026-08-14T03:06:31+00:00\" \/>\n<meta property=\"og:image\" content=\"https:\/\/www.reelshort.com\/es\/fandom\/wp-content\/uploads\/2026\/08\/siete-anos-por-nada-drama-08.png\" \/>\n\t<meta property=\"og:image:width\" content=\"600\" \/>\n\t<meta property=\"og:image:height\" content=\"400\" \/>\n\t<meta property=\"og:image:type\" content=\"image\/png\" \/>\n<meta name=\"author\" content=\"Aurelia Windsor\" \/>\n<meta name=\"twitter:card\" content=\"summary_large_image\" \/>\n<meta name=\"twitter:label1\" content=\"Escrito por\" \/>\n\t<meta name=\"twitter:data1\" content=\"Aurelia Windsor\" \/>\n\t<meta name=\"twitter:label2\" content=\"Tiempo de lectura\" \/>\n\t<meta name=\"twitter:data2\" content=\"9 minutos\" \/>\n<script type=\"application\/ld+json\" class=\"yoast-schema-graph\">{\"@context\":\"https:\/\/schema.org\",\"@graph\":[{\"@type\":\"WebPage\",\"@id\":\"https:\/\/www.reelshort.com\/es\/fandom\/siete-anos-por-nada-drama-08-1e-1e\/\",\"url\":\"https:\/\/www.reelshort.com\/es\/fandom\/siete-anos-por-nada-drama-08-1e-1e\/\",\"name\":\"El Dolor de Siete A\u00f1os Por Nada Drama \u2013 Juzgada y Traicionada por el Hombre que Amaba - ReelShort Fandom En Espa\u00f1ol\",\"isPartOf\":{\"@id\":\"https:\/\/www.reelshort.com\/es\/fandom\/#website\"},\"primaryImageOfPage\":{\"@id\":\"https:\/\/www.reelshort.com\/es\/fandom\/siete-anos-por-nada-drama-08-1e-1e\/#primaryimage\"},\"image\":{\"@id\":\"https:\/\/www.reelshort.com\/es\/fandom\/siete-anos-por-nada-drama-08-1e-1e\/#primaryimage\"},\"thumbnailUrl\":\"https:\/\/www.reelshort.com\/es\/fandom\/wp-content\/uploads\/2026\/08\/siete-anos-por-nada-drama-08.png\",\"datePublished\":\"2026-08-14T03:06:20+00:00\",\"dateModified\":\"2026-08-14T03:06:31+00:00\",\"author\":{\"@id\":\"https:\/\/www.reelshort.com\/es\/fandom\/#\/schema\/person\/df702e0befecf536c08c3a534aa9fbb2\"},\"description\":\"Ella no acept\u00f3 la culpa por un crimen que no cometi\u00f3 y la acusaron de destruir a la familia. La humillaron y maltrataron por a\u00f1os, hasta que decidi\u00f3 poner fin a su vida, dejando apenas una carta.\",\"breadcrumb\":{\"@id\":\"https:\/\/www.reelshort.com\/es\/fandom\/siete-anos-por-nada-drama-08-1e-1e\/#breadcrumb\"},\"inLanguage\":\"es\",\"potentialAction\":[{\"@type\":\"ReadAction\",\"target\":[\"https:\/\/www.reelshort.com\/es\/fandom\/siete-anos-por-nada-drama-08-1e-1e\/\"]}]},{\"@type\":\"ImageObject\",\"inLanguage\":\"es\",\"@id\":\"https:\/\/www.reelshort.com\/es\/fandom\/siete-anos-por-nada-drama-08-1e-1e\/#primaryimage\",\"url\":\"https:\/\/www.reelshort.com\/es\/fandom\/wp-content\/uploads\/2026\/08\/siete-anos-por-nada-drama-08.png\",\"contentUrl\":\"https:\/\/www.reelshort.com\/es\/fandom\/wp-content\/uploads\/2026\/08\/siete-anos-por-nada-drama-08.png\",\"width\":600,\"height\":400,\"caption\":\"siete a\u00f1os por nada drama\"},{\"@type\":\"BreadcrumbList\",\"@id\":\"https:\/\/www.reelshort.com\/es\/fandom\/siete-anos-por-nada-drama-08-1e-1e\/#breadcrumb\",\"itemListElement\":[{\"@type\":\"ListItem\",\"position\":1,\"name\":\"Home\",\"item\":\"https:\/\/www.reelshort.com\/es\/fandom\/\"},{\"@type\":\"ListItem\",\"position\":2,\"name\":\"El Dolor de Siete A\u00f1os Por Nada Drama \u2013 Juzgada y Traicionada por el Hombre que Amaba\"}]},{\"@type\":\"WebSite\",\"@id\":\"https:\/\/www.reelshort.com\/es\/fandom\/#website\",\"url\":\"https:\/\/www.reelshort.com\/es\/fandom\/\",\"name\":\"ReelShort Fandom En Espa\u00f1ol\",\"description\":\"Para satisfacer toda la curiosidad de los cin\u00e9filos\",\"potentialAction\":[{\"@type\":\"SearchAction\",\"target\":{\"@type\":\"EntryPoint\",\"urlTemplate\":\"https:\/\/www.reelshort.com\/es\/fandom\/?s={search_term_string}\"},\"query-input\":{\"@type\":\"PropertyValueSpecification\",\"valueRequired\":true,\"valueName\":\"search_term_string\"}}],\"inLanguage\":\"es\"},{\"@type\":\"Person\",\"@id\":\"https:\/\/www.reelshort.com\/es\/fandom\/#\/schema\/person\/df702e0befecf536c08c3a534aa9fbb2\",\"name\":\"Aurelia Windsor\",\"image\":{\"@type\":\"ImageObject\",\"inLanguage\":\"es\",\"@id\":\"https:\/\/www.reelshort.com\/es\/fandom\/#\/schema\/person\/image\/\",\"url\":\"https:\/\/secure.gravatar.com\/avatar\/8df2005a06e8a76058ed9c07f50a3e0c91b962f00190fdbc16a7a294724ca100?s=96&d=mm&r=g\",\"contentUrl\":\"https:\/\/secure.gravatar.com\/avatar\/8df2005a06e8a76058ed9c07f50a3e0c91b962f00190fdbc16a7a294724ca100?s=96&d=mm&r=g\",\"caption\":\"Aurelia Windsor\"},\"sameAs\":[\"https:\/\/www.reelshort.com\/\"],\"url\":\"https:\/\/www.reelshort.com\/es\/fandom\/author\/aurelia-windsor\/\"}]}<\/script>\n<!-- \/ Yoast SEO plugin. -->","yoast_head_json":{"title":"El Dolor de Siete A\u00f1os Por Nada Drama \u2013 Juzgada y Traicionada por el Hombre que Amaba - ReelShort Fandom En Espa\u00f1ol","description":"Ella no acept\u00f3 la culpa por un crimen que no cometi\u00f3 y la acusaron de destruir a la familia. La humillaron y maltrataron por a\u00f1os, hasta que decidi\u00f3 poner fin a su vida, dejando apenas una carta.","robots":{"index":"index","follow":"follow","max-snippet":"max-snippet:-1","max-image-preview":"max-image-preview:large","max-video-preview":"max-video-preview:-1"},"canonical":"https:\/\/www.reelshort.com\/es\/fandom\/siete-anos-por-nada-drama-08-1e-1e\/","og_locale":"es_ES","og_type":"article","og_title":"El Dolor de Siete A\u00f1os Por Nada Drama \u2013 Juzgada y Traicionada por el Hombre que Amaba - ReelShort Fandom En Espa\u00f1ol","og_description":"Ella no acept\u00f3 la culpa por un crimen que no cometi\u00f3 y la acusaron de destruir a la familia. La humillaron y maltrataron por a\u00f1os, hasta que decidi\u00f3 poner fin a su vida, dejando apenas una carta.","og_url":"https:\/\/www.reelshort.com\/es\/fandom\/siete-anos-por-nada-drama-08-1e-1e\/","og_site_name":"ReelShort Fandom En Espa\u00f1ol","article_published_time":"2026-08-14T03:06:20+00:00","article_modified_time":"2026-08-14T03:06:31+00:00","og_image":[{"width":600,"height":400,"url":"https:\/\/www.reelshort.com\/es\/fandom\/wp-content\/uploads\/2026\/08\/siete-anos-por-nada-drama-08.png","type":"image\/png"}],"author":"Aurelia Windsor","twitter_card":"summary_large_image","twitter_misc":{"Escrito por":"Aurelia Windsor","Tiempo de lectura":"9 minutos"},"schema":{"@context":"https:\/\/schema.org","@graph":[{"@type":"WebPage","@id":"https:\/\/www.reelshort.com\/es\/fandom\/siete-anos-por-nada-drama-08-1e-1e\/","url":"https:\/\/www.reelshort.com\/es\/fandom\/siete-anos-por-nada-drama-08-1e-1e\/","name":"El Dolor de Siete A\u00f1os Por Nada Drama \u2013 Juzgada y Traicionada por el Hombre que Amaba - ReelShort Fandom En Espa\u00f1ol","isPartOf":{"@id":"https:\/\/www.reelshort.com\/es\/fandom\/#website"},"primaryImageOfPage":{"@id":"https:\/\/www.reelshort.com\/es\/fandom\/siete-anos-por-nada-drama-08-1e-1e\/#primaryimage"},"image":{"@id":"https:\/\/www.reelshort.com\/es\/fandom\/siete-anos-por-nada-drama-08-1e-1e\/#primaryimage"},"thumbnailUrl":"https:\/\/www.reelshort.com\/es\/fandom\/wp-content\/uploads\/2026\/08\/siete-anos-por-nada-drama-08.png","datePublished":"2026-08-14T03:06:20+00:00","dateModified":"2026-08-14T03:06:31+00:00","author":{"@id":"https:\/\/www.reelshort.com\/es\/fandom\/#\/schema\/person\/df702e0befecf536c08c3a534aa9fbb2"},"description":"Ella no acept\u00f3 la culpa por un crimen que no cometi\u00f3 y la acusaron de destruir a la familia. La humillaron y maltrataron por a\u00f1os, hasta que decidi\u00f3 poner fin a su vida, dejando apenas una carta.","breadcrumb":{"@id":"https:\/\/www.reelshort.com\/es\/fandom\/siete-anos-por-nada-drama-08-1e-1e\/#breadcrumb"},"inLanguage":"es","potentialAction":[{"@type":"ReadAction","target":["https:\/\/www.reelshort.com\/es\/fandom\/siete-anos-por-nada-drama-08-1e-1e\/"]}]},{"@type":"ImageObject","inLanguage":"es","@id":"https:\/\/www.reelshort.com\/es\/fandom\/siete-anos-por-nada-drama-08-1e-1e\/#primaryimage","url":"https:\/\/www.reelshort.com\/es\/fandom\/wp-content\/uploads\/2026\/08\/siete-anos-por-nada-drama-08.png","contentUrl":"https:\/\/www.reelshort.com\/es\/fandom\/wp-content\/uploads\/2026\/08\/siete-anos-por-nada-drama-08.png","width":600,"height":400,"caption":"siete a\u00f1os por nada drama"},{"@type":"BreadcrumbList","@id":"https:\/\/www.reelshort.com\/es\/fandom\/siete-anos-por-nada-drama-08-1e-1e\/#breadcrumb","itemListElement":[{"@type":"ListItem","position":1,"name":"Home","item":"https:\/\/www.reelshort.com\/es\/fandom\/"},{"@type":"ListItem","position":2,"name":"El Dolor de Siete A\u00f1os Por Nada Drama \u2013 Juzgada y Traicionada por el Hombre que Amaba"}]},{"@type":"WebSite","@id":"https:\/\/www.reelshort.com\/es\/fandom\/#website","url":"https:\/\/www.reelshort.com\/es\/fandom\/","name":"ReelShort Fandom En Espa\u00f1ol","description":"Para satisfacer toda la curiosidad de los cin\u00e9filos","potentialAction":[{"@type":"SearchAction","target":{"@type":"EntryPoint","urlTemplate":"https:\/\/www.reelshort.com\/es\/fandom\/?s={search_term_string}"},"query-input":{"@type":"PropertyValueSpecification","valueRequired":true,"valueName":"search_term_string"}}],"inLanguage":"es"},{"@type":"Person","@id":"https:\/\/www.reelshort.com\/es\/fandom\/#\/schema\/person\/df702e0befecf536c08c3a534aa9fbb2","name":"Aurelia Windsor","image":{"@type":"ImageObject","inLanguage":"es","@id":"https:\/\/www.reelshort.com\/es\/fandom\/#\/schema\/person\/image\/","url":"https:\/\/secure.gravatar.com\/avatar\/8df2005a06e8a76058ed9c07f50a3e0c91b962f00190fdbc16a7a294724ca100?s=96&d=mm&r=g","contentUrl":"https:\/\/secure.gravatar.com\/avatar\/8df2005a06e8a76058ed9c07f50a3e0c91b962f00190fdbc16a7a294724ca100?s=96&d=mm&r=g","caption":"Aurelia Windsor"},"sameAs":["https:\/\/www.reelshort.com\/"],"url":"https:\/\/www.reelshort.com\/es\/fandom\/author\/aurelia-windsor\/"}]}},"_links":{"self":[{"href":"https:\/\/www.reelshort.com\/es\/fandom\/wp-json\/wp\/v2\/posts\/7880","targetHints":{"allow":["GET"]}}],"collection":[{"href":"https:\/\/www.reelshort.com\/es\/fandom\/wp-json\/wp\/v2\/posts"}],"about":[{"href":"https:\/\/www.reelshort.com\/es\/fandom\/wp-json\/wp\/v2\/types\/post"}],"author":[{"embeddable":true,"href":"https:\/\/www.reelshort.com\/es\/fandom\/wp-json\/wp\/v2\/users\/5"}],"replies":[{"embeddable":true,"href":"https:\/\/www.reelshort.com\/es\/fandom\/wp-json\/wp\/v2\/comments?post=7880"}],"version-history":[{"count":3,"href":"https:\/\/www.reelshort.com\/es\/fandom\/wp-json\/wp\/v2\/posts\/7880\/revisions"}],"predecessor-version":[{"id":7958,"href":"https:\/\/www.reelshort.com\/es\/fandom\/wp-json\/wp\/v2\/posts\/7880\/revisions\/7958"}],"wp:featuredmedia":[{"embeddable":true,"href":"https:\/\/www.reelshort.com\/es\/fandom\/wp-json\/wp\/v2\/media\/7886"}],"wp:attachment":[{"href":"https:\/\/www.reelshort.com\/es\/fandom\/wp-json\/wp\/v2\/media?parent=7880"}],"wp:term":[{"taxonomy":"category","embeddable":true,"href":"https:\/\/www.reelshort.com\/es\/fandom\/wp-json\/wp\/v2\/categories?post=7880"},{"taxonomy":"post_tag","embeddable":true,"href":"https:\/\/www.reelshort.com\/es\/fandom\/wp-json\/wp\/v2\/tags?post=7880"}],"curies":[{"name":"wp","href":"https:\/\/api.w.org\/{rel}","templated":true}]}}