{"id":8276,"date":"2026-09-02T10:01:44","date_gmt":"2026-09-02T02:01:44","guid":{"rendered":"https:\/\/www.reelshort.com\/es\/fandom\/?p=8276"},"modified":"2026-09-02T10:05:56","modified_gmt":"2026-09-02T02:05:56","slug":"el-regreso-del-sabio-dailymotion-015-8-1e-1e","status":"publish","type":"post","link":"https:\/\/www.reelshort.com\/es\/fandom\/el-regreso-del-sabio-dailymotion-015-8-1e-1e\/","title":{"rendered":"El Regreso del Sabio Dailymotion \u2013 El Disc\u00edpulo Legendario est\u00e1 de vuelta"},"content":{"rendered":"\n<p class=\"wp-block-paragraph\">Nory es desterrado de la manada por no conseguir despertar a su lobo. En el exilio entren\u00f3 con tres grandes maestros durante veinte a\u00f1os y alcanz\u00f3 un nivel sagrado.<\/p>\n\n\n\n<p class=\"wp-block-paragraph\">Al regresar para ver a su madre es humillado y desafiado a entrar al Torneo del Clan para ganar el permiso de reunirse con ella. Su familia lo cree un inutil, \u00bfPodr\u00e1n aceptar que es el legendario Genio Lobo?<\/p>\n\n\n\n<p class=\"wp-block-paragraph\">Averigualo en: <a href=\"https:\/\/www.reelshort.com\/es\/movie\/el-regreso-del-rey-lobo-6a66ca8e330282545a026be4\">El Regreso del Sabio<\/a> Dailymotion<\/p>\n\n\n<p><iframe loading=\"lazy\" id=\"reelshort_player\" width=\"600\" height=\"400\" src=\"https:\/\/www.reelshort.com\/es\/embed\/6a66ca8e330282545a026be4-drz9qpl8qx?show_controls=true\" title=\"ReelShort video player\" frameBorder=\"0\" allow=\"accelerometer; autoplay; clipboard-write; encrypted-media; gyroscope; picture-in-picture; web-share\" referrerPolicy=\"strict-origin-when-cross-origin\" allowFullScreen ><\/iframe><\/p>\n\n\n<div class=\"wp-block-buttons is-layout-flex wp-block-buttons-is-layout-flex\">\n<div class=\"wp-block-button\"><a class=\"wp-block-button__link wp-element-button\" href=\"https:\/\/www.reelshort.com\/es\/episodes\/episode-1-el-regreso-del-rey-lobo-6a66ca8e330282545a026be4-drz9qpl8qx\">Ver Serie Ahora &gt;&gt;<\/a><\/div>\n<\/div>\n\n\n\n<ul class=\"wp-block-list\">\n<li><a href=\"#part1\">Parte 1: Identidad Oculta: Echa un vistazo a la trama de El Regreso del Sabio Doblado al Espa\u00f1ol<\/a><\/li>\n\n\n\n<li><a href=\"#part2\">Parte 2: El prodigio oculto: Desterrado por su familia labrado por sus maestros El Regreso del Sabio Dailymotion en Espa\u00f1ol<\/a><\/li>\n\n\n\n<li><a href=\"#part3\">Parte 3: El H\u00e9roe Subestimado: \u00bfPor qu\u00e9 El Regreso del Sabio Completa es una historia especial?<\/a><\/li>\n\n\n\n<li><a href=\"#part4\">Parte 4: Conclusi\u00f3n<\/a><\/li>\n<\/ul>\n\n\n\n<h2 id=\"part1\" class=\"wp-block-heading\">Parte 1: Identidad Oculta: Echa un vistazo a la trama de El Regreso del Sabio Doblado al Espa\u00f1ol<\/h2>\n\n\n\n<h3 class=\"wp-block-heading\"><a><\/a>Una guerra desigual en el horizonte<\/h3>\n\n\n\n<figure class=\"wp-block-image size-full is-resized\"><img loading=\"lazy\" decoding=\"async\" width=\"600\" height=\"400\" src=\"https:\/\/www.reelshort.com\/es\/fandom\/wp-content\/uploads\/2026\/09\/el-regreso-del-sabio-completa-02.png\" alt=\"\nel regreso del sabio en espa\u00f1ol\" class=\"wp-image-8278\" style=\"aspect-ratio:1.4857142857142858;width:580px;height:auto\" srcset=\"https:\/\/www.reelshort.com\/es\/fandom\/wp-content\/uploads\/2026\/09\/el-regreso-del-sabio-completa-02.png 600w, https:\/\/www.reelshort.com\/es\/fandom\/wp-content\/uploads\/2026\/09\/el-regreso-del-sabio-completa-02-300x200.png 300w\" sizes=\"auto, (max-width: 600px) 100vw, 600px\" \/><\/figure>\n\n\n\n<p class=\"wp-block-paragraph\">El Regreso del Sabio tiene una combinaci\u00f3n espectacular entre revelaci\u00f3n y suspenso, es la cl\u00e1sica historia del viaje del h\u00e9roe, con la chispa de vampiros y lic\u00e1ntropos.<\/p>\n\n\n\n<p class=\"wp-block-paragraph\">Todo comienza con el enfrentamiento entre una manada de selectos lobos dorados, contra un poderoso pr\u00edncipe vampiro.<\/p>\n\n\n\n<p class=\"wp-block-paragraph\">El no muerto domina la batalla sin complicaciones, sometiendo a los lobos de la m\u00e1s alta clase de la regi\u00f3n, como peque\u00f1as hormigas a merced de un gran depredador.<\/p>\n\n\n\n<p class=\"wp-block-paragraph\">Uno a uno los generales son anulados por el inmenso poder del vampiro, mientras que a lo lejos cuatro misteriosas personas observan la pelea incr\u00e9dulos.<\/p>\n\n\n\n<p class=\"wp-block-paragraph\">No estaban impactados por el despliegue de fuerzas, sino por la debilidad de los involucrados. Les parec\u00eda inadmisible que esos lobos estuvieran perdiendo contra ese enemigo.<\/p>\n\n\n\n<p class=\"wp-block-paragraph\">Entre ellos se encuentra Nory, su joven aprendiz. Al principio parec\u00eda impactado por el poder del pr\u00edncipe, hasta que fue reprendido por sus maestros por ser tan ingenuo.<\/p>\n\n\n\n<p class=\"wp-block-paragraph\">Para comprobar que el rango de poder del supuesto se\u00f1or de los vampiros era inferior, le ordenaron derrotarlo.<\/p>\n\n\n\n<p class=\"wp-block-paragraph\">La tarea no parece sencilla a los ojos del muchacho, pero jam\u00e1s se atrever\u00eda a contradecirlos, entonces acept\u00f3 la misi\u00f3n sin replicar.<\/p>\n\n\n\n<h3 class=\"wp-block-heading\"><a><\/a>Un poder descomunal en la palma de la mano<\/h3>\n\n\n\n<figure class=\"wp-block-image size-full is-resized\"><img loading=\"lazy\" decoding=\"async\" width=\"600\" height=\"400\" src=\"https:\/\/www.reelshort.com\/es\/fandom\/wp-content\/uploads\/2026\/09\/el-regreso-del-sabio-completa-01.png\" alt=\"el regreso del sabio doblado\" class=\"wp-image-8284\" style=\"aspect-ratio:1.4857142857142858;width:593px;height:auto\" srcset=\"https:\/\/www.reelshort.com\/es\/fandom\/wp-content\/uploads\/2026\/09\/el-regreso-del-sabio-completa-01.png 600w, https:\/\/www.reelshort.com\/es\/fandom\/wp-content\/uploads\/2026\/09\/el-regreso-del-sabio-completa-01-300x200.png 300w\" sizes=\"auto, (max-width: 600px) 100vw, 600px\" \/><\/figure>\n\n\n\n<p class=\"wp-block-paragraph\">Los lobos dorados estaban siendo aplastados como insectos en el campo de batalla. El gran se\u00f1or de los vampiros disfrutaba al m\u00e1ximo verlos humillados.<\/p>\n\n\n\n<p class=\"wp-block-paragraph\">Pero, sus carcajadas burlescas se apagaron con la repentina intervenci\u00f3n de Nory. El chico que pecaba de imprudente se atrevi\u00f3 a llamarlo d\u00e9bil.<\/p>\n\n\n\n<p class=\"wp-block-paragraph\">Su enfado no se hizo esperar. Arremeti\u00f3 con toda sus fuerzas contra \u00e9l, esperando eliminar esa confianza absurda de su rostro; no funcion\u00f3.<\/p>\n\n\n\n<p class=\"wp-block-paragraph\">Por el contrario, ante la mirada incr\u00e9dula de todos, el golpe que lanz\u00f3 no surti\u00f3 ning\u00fan efecto en el muchacho, quien se sinti\u00f3 decepcionado.<\/p>\n\n\n\n<div class=\"wp-block-buttons is-layout-flex wp-block-buttons-is-layout-flex\">\n<div class=\"wp-block-button\"><a class=\"wp-block-button__link wp-element-button\" href=\"https:\/\/www.reelshort.com\/es\/episodes\/episode-1-el-regreso-del-rey-lobo-6a66ca8e330282545a026be4-drz9qpl8qx\">Ver Serie Ahora &gt;&gt;<\/a><\/div>\n<\/div>\n\n\n\n<p class=\"wp-block-paragraph\">Sin perder tiempo, contraataco con una agilidad impresionante, enviando al vampiro a varios metros de distancia, dej\u00e1ndolo completamente neutralizado.<\/p>\n\n\n\n<p class=\"wp-block-paragraph\">La manada de lobos dorados estaba perpleja, \u00bfc\u00f3mo era posible que un simple muchacho errante pudiera hacer a\u00f1icos a un rival de ese nivel?; ten\u00eda que ser una broma.<\/p>\n\n\n\n<p class=\"wp-block-paragraph\">A\u00fan as\u00ed, mostraron su agradecimiento hacia \u00e9l, incluso su admiraci\u00f3n. Pero, el ambiente solemne se rompi\u00f3, cuando \u00e9l&nbsp; en pocas palabras los llam\u00f3 d\u00e9biles y luego desapareci\u00f3.<\/p>\n\n\n\n<p class=\"wp-block-paragraph\">El impacto que el chico dej\u00f3 en el ambiente, lo hizo llegar a una conclusi\u00f3n: Deb\u00eda tratarse del Genio Lobo, el famoso guerrero legendario.<\/p>\n\n\n\n<h2 id=\"part2\" class=\"wp-block-heading\">Parte 2: El prodigio oculto: Desterrado por su familia labrado por sus maestros El Regreso del Sabio Dailymotion en Espa\u00f1ol<\/h2>\n\n\n\n<figure class=\"wp-block-image size-full is-resized\"><img loading=\"lazy\" decoding=\"async\" width=\"600\" height=\"400\" src=\"https:\/\/www.reelshort.com\/es\/fandom\/wp-content\/uploads\/2026\/09\/el-regreso-del-sabio-completa-03.png\" alt=\"\nel regreso del sabio drama\" class=\"wp-image-8279\" style=\"aspect-ratio:1.528688524590164;width:597px;height:auto\" srcset=\"https:\/\/www.reelshort.com\/es\/fandom\/wp-content\/uploads\/2026\/09\/el-regreso-del-sabio-completa-03.png 600w, https:\/\/www.reelshort.com\/es\/fandom\/wp-content\/uploads\/2026\/09\/el-regreso-del-sabio-completa-03-300x200.png 300w\" sizes=\"auto, (max-width: 600px) 100vw, 600px\" \/><\/figure>\n\n\n\n<p class=\"wp-block-paragraph\">Tal como los grandes maestros lo predijeron, Nory acab\u00f3 sin mayores contratiempos con el l\u00edder de los vampiros. Demostrando su inmenso nivel de poder.<\/p>\n\n\n\n<p class=\"wp-block-paragraph\">Aun as\u00ed, desde el punto de vista del muchacho todav\u00eda era muy d\u00e9bil, le faltaba mucho por aprender y no estaba ni cerca de estar a la altura de sus mentores.<\/p>\n\n\n\n<p class=\"wp-block-paragraph\">Deseaba seguir aprendiendo y afinando su t\u00e9cnica, quer\u00eda llegar al punto de leer correctamente a su rivales sin delatarse.<\/p>\n\n\n\n<p class=\"wp-block-paragraph\">Pero, para su sorpresa los maestros no le asignaron una nueva tarea, todo lo contrario, tras veinte a\u00f1os de entrenamiento le concedieron vacaciones.<\/p>\n\n\n\n<p class=\"wp-block-paragraph\">Luego de tanto tiempo, le dieron la oportunidad de ir a ver a su madre y le pidieron que se mantuviera apegado a su conocimiento.<\/p>\n\n\n\n<p class=\"wp-block-paragraph\">Los tres gu\u00edas sagrados, estaban llenos de confianza y expectativas con respecto a su disc\u00edpulo y sab\u00edan que ese viaje ser\u00eda determinante en su destino.<\/p>\n\n\n\n<p class=\"wp-block-paragraph\">Nory regres\u00f3 a su antigua casa y fue recibido con miradas de antipat\u00eda. Para los miembros de su manada, era el inutil que fue desterrado por no tener lobo.<\/p>\n\n\n\n<p class=\"wp-block-paragraph\">Su padre lo recibi\u00f3 con frialdad al igual que sus hermanos mayores. Lo calificaron con toda clase de apodos humillantes buscando rebajarlo, pero \u00e9l ni se inmut\u00f3.<\/p>\n\n\n\n<p class=\"wp-block-paragraph\">La realidad es que siempre hab\u00eda sido un muchacho irreverente y desconectado de la mala intenci\u00f3n de los dem\u00e1s, nunca se dej\u00f3 afectar por palabras necias.<\/p>\n\n\n\n<p class=\"wp-block-paragraph\">Menos despu\u00e9s de haber recibido tanta sabidur\u00eda de parte de sus maestros.<\/p>\n\n\n\n<figure class=\"wp-block-image size-full is-resized\"><img loading=\"lazy\" decoding=\"async\" width=\"600\" height=\"400\" src=\"https:\/\/www.reelshort.com\/es\/fandom\/wp-content\/uploads\/2026\/09\/el-regreso-del-sabio-completa-05.png\" alt=\"El Regreso del Sabio espa\u00f1ol latino\" class=\"wp-image-8281\" style=\"aspect-ratio:1.40625;width:599px;height:auto\" srcset=\"https:\/\/www.reelshort.com\/es\/fandom\/wp-content\/uploads\/2026\/09\/el-regreso-del-sabio-completa-05.png 600w, https:\/\/www.reelshort.com\/es\/fandom\/wp-content\/uploads\/2026\/09\/el-regreso-del-sabio-completa-05-300x200.png 300w\" sizes=\"auto, (max-width: 600px) 100vw, 600px\" \/><\/figure>\n\n\n\n<div class=\"wp-block-buttons is-layout-flex wp-block-buttons-is-layout-flex\">\n<div class=\"wp-block-button\"><a class=\"wp-block-button__link wp-element-button\" href=\"https:\/\/www.reelshort.com\/es\/episodes\/episode-1-el-regreso-del-rey-lobo-6a66ca8e330282545a026be4-drz9qpl8qx\">Ver Serie Ahora &gt;&gt;<\/a><\/div>\n<\/div>\n\n\n\n<p class=\"wp-block-paragraph\">Tras la tensa bienvenida, Nory exigi\u00f3 ver a su madre. Despu\u00e9s de todo, esa era la \u00fanica raz\u00f3n de su regreso.<\/p>\n\n\n\n<p class=\"wp-block-paragraph\">Como era de esperarse, el alfa no le concedi\u00f3 el derecho de reunirse con ella. Siendo un desterrado, ante los ojos de los dem\u00e1s, era alguien sin valor.<\/p>\n\n\n\n<p class=\"wp-block-paragraph\">Sin embargo, eso no iba a impedir su reclamo. El chico no estaba dispuesto a someterse ante nadie.<\/p>\n\n\n\n<p class=\"wp-block-paragraph\">Entonces, ocurri\u00f3 un giro interesante de los acontecimientos. Queriendo demostrar que Nory era un ser inferior, su hermano mayor propuso que entrara al torneo del clan.<\/p>\n\n\n\n<p class=\"wp-block-paragraph\">Si ganaba, obtendr\u00eda el derecho de ver a su madre y el respeto de la manada. Obviamente, sus malas intenciones eran evidentes.<\/p>\n\n\n\n<p class=\"wp-block-paragraph\">Incapaz de ver la malicia en el desaf\u00edo del pr\u00edncipe, Nory acept\u00f3 sin problema, aunque sab\u00eda que el torneo no iba a ser f\u00e1cil de ganar.<\/p>\n\n\n\n<p class=\"wp-block-paragraph\">La cuesti\u00f3n es que despu\u00e9s de iniciado el evento, estaba muy desconcertado. Le parec\u00eda il\u00f3gico el bajo nivel de los guerreros en la arena.<\/p>\n\n\n\n<p class=\"wp-block-paragraph\">De hecho, le costaba comprender porque todos parec\u00edan tan d\u00e9biles, de igual manera tambi\u00e9n hace referencia a los desaf\u00edos.<\/p>\n\n\n\n<p class=\"wp-block-paragraph\">Desde su punto de vista, todo era muy sencillo de superar. Los enemigos no le parec\u00edan gran cosa y los \u00eddolos de roca a destruir, demasiado fr\u00e1giles.<\/p>\n\n\n\n<p class=\"wp-block-paragraph\">\u00bfSer\u00e1 que la manada est\u00e1 preparada para aceptar el gran error que cometi\u00f3 al retarlo?<\/p>\n\n\n\n<h2 id=\"part3\" class=\"wp-block-heading\">Parte 3: El H\u00e9roe Subestimado: \u00bfPor qu\u00e9 El Regreso del Sabio Completa es una historia especial?<\/h2>\n\n\n\n<figure class=\"wp-block-image size-full is-resized\"><img loading=\"lazy\" decoding=\"async\" width=\"600\" height=\"400\" src=\"https:\/\/www.reelshort.com\/es\/fandom\/wp-content\/uploads\/2026\/09\/el-regreso-del-sabio-completa-04.png\" alt=\"El Regreso del Sabio final\" class=\"wp-image-8280\" style=\"aspect-ratio:1.2589285714285714;width:562px;height:auto\" srcset=\"https:\/\/www.reelshort.com\/es\/fandom\/wp-content\/uploads\/2026\/09\/el-regreso-del-sabio-completa-04.png 600w, https:\/\/www.reelshort.com\/es\/fandom\/wp-content\/uploads\/2026\/09\/el-regreso-del-sabio-completa-04-300x200.png 300w\" sizes=\"auto, (max-width: 600px) 100vw, 600px\" \/><\/figure>\n\n\n\n<p class=\"wp-block-paragraph\">Como buenos amantes de las historias de hombre lobo, reconocemos al instante una con el poder de dejarnos pegados a la pantalla desde el comienzo.<\/p>\n\n\n\n<p class=\"wp-block-paragraph\">El Regreso del Sabio, cumple a la perfecci\u00f3n con ese principio. Un elegido con poderes sorprendentes, una guerra entre especies y un amor prohibido.<\/p>\n\n\n\n<p class=\"wp-block-paragraph\">Sus escenas est\u00e1n cargadas de magia y secuencias de acci\u00f3n bien logradas; una ventaja indiscutible de las historias desarrolladas con IA.<\/p>\n\n\n\n<p class=\"wp-block-paragraph\">Gracias a esta tecnolog\u00eda, podemos disfrutar de cada detalle de la trama, incluyendo las transformaciones y los choques de energ\u00eda.<\/p>\n\n\n\n<div class=\"wp-block-buttons is-layout-flex wp-block-buttons-is-layout-flex\">\n<div class=\"wp-block-button\"><a class=\"wp-block-button__link wp-element-button\" href=\"https:\/\/www.reelshort.com\/es\/episodes\/episode-1-el-regreso-del-rey-lobo-6a66ca8e330282545a026be4-drz9qpl8qx\">Ver Serie Ahora &gt;&gt;<\/a><\/div>\n<\/div>\n\n\n\n<p class=\"wp-block-paragraph\">Nory es un joven que creci\u00f3 aislado del mundo, bajo la tutela de tres maestros sagrados con habilidades incre\u00edbles , que no cree estar a la altura de ellos.<\/p>\n\n\n\n<p class=\"wp-block-paragraph\">Se niega a aceptar su propio potencial. Se sigue sintiendo inferior a los dem\u00e1s y es comprensible despu\u00e9s de haber sido desterrado por supuestamente ser d\u00e9bil.<\/p>\n\n\n\n<p class=\"wp-block-paragraph\">Por otro lado, el haber crecido sin contacto social, lo hace torpe y directo, caracter\u00edsticas que pueden meterlo en problemas.<\/p>\n\n\n\n<p class=\"wp-block-paragraph\">Los lobos dorados que salv\u00f3 al principio de la historia, lo reconocen como el genio lobo y desean encontrarlo para convertirlo en una deidad.<\/p>\n\n\n\n<p class=\"wp-block-paragraph\">Mientras que su propia manada est\u00e1 empe\u00f1ada en pisotear su potencial, por celos y envidia, se niegan a aceptar que aquel ni\u00f1o indefenso que abandonaron, es el elegido.<\/p>\n\n\n\n<p class=\"wp-block-paragraph\">\u00bfQu\u00e9 pasar\u00e1 cuando entiendan la dimensi\u00f3n del error que cometieron?<\/p>\n\n\n\n<h2 id=\"part4\" class=\"wp-block-heading\">Parte 4: Conclusi\u00f3n<\/h2>\n\n\n\n<figure class=\"wp-block-image size-full is-resized\"><img loading=\"lazy\" decoding=\"async\" width=\"600\" height=\"400\" src=\"https:\/\/www.reelshort.com\/es\/fandom\/wp-content\/uploads\/2026\/09\/el-regreso-del-sabio-completa-06.png\" alt=\"El Regreso del Sabio completo\" class=\"wp-image-8282\" style=\"aspect-ratio:1.259433962264151;width:594px;height:auto\" srcset=\"https:\/\/www.reelshort.com\/es\/fandom\/wp-content\/uploads\/2026\/09\/el-regreso-del-sabio-completa-06.png 600w, https:\/\/www.reelshort.com\/es\/fandom\/wp-content\/uploads\/2026\/09\/el-regreso-del-sabio-completa-06-300x200.png 300w\" sizes=\"auto, (max-width: 600px) 100vw, 600px\" \/><\/figure>\n\n\n\n<p class=\"wp-block-paragraph\">En el mundo de los lic\u00e1ntropos, no tener lobo y pertenecer a una manada es uno de los mayores sacrilegios de ese mundo.<\/p>\n\n\n\n<p class=\"wp-block-paragraph\">Esa es la raz\u00f3n tras el destierro de Nory y el comienzo de su viaje espiritual. Para su padre, tener un heredero de esa clase era un desprestigio.<\/p>\n\n\n\n<p class=\"wp-block-paragraph\">Cegado por sus prejuicios, comete el peor error de su vida.&nbsp;<\/p>\n\n\n\n<p class=\"wp-block-paragraph\">Nory es un chico con un potencial m\u00e1gico ilimitado. Eso lo hace digno de convertirse en disc\u00edpulo de los tres maestros sagrados, seres inmortales.<\/p>\n\n\n\n<p class=\"wp-block-paragraph\">Su hermano mayor es un eg\u00f3latra presumido que se cree superior al resto de los lobos de su clase, pero que ni remotamente est\u00e1 a su nivel.<\/p>\n\n\n\n<p class=\"wp-block-paragraph\">Y para sumar un poco m\u00e1s de tensi\u00f3n a la historia, mientras Nory atraviesa el torneo del clan sin contratiempos, los lobos dorados preparan su reaparici\u00f3n.<\/p>\n\n\n\n<p class=\"wp-block-paragraph\">\u00bfCu\u00e1nto tardar\u00e1 la manada en darse cuenta del grave error que cometieron en el pasado? \u00bfNory aceptar\u00e1 convertirse en la deidad suprema de los hombres lobo?&nbsp;<\/p>\n\n\n\n<p class=\"wp-block-paragraph\">No te puedes quedar con esa duda.&nbsp;<\/p>\n\n\n\n<p class=\"wp-block-paragraph\">Esta serie la encontramos tanto en bing como en reelshort como: El Regreso del Rey Lobo y tiene <a href=\"https:\/\/www.reelshort.com\/es\/full-episodes\/el-regreso-del-rey-lobo-6a66ca8e330282545a026be4\">51 episodios doblados al espa\u00f1ol<\/a>.<\/p>\n\n\n\n<p class=\"wp-block-paragraph\">No te la pierdas, haciendo click en el enlace o descargando la app de <a href=\"https:\/\/www.reelshort.com\/es\/tags\/movie-identities\">Reelshort<\/a> desde tu celular.<\/p>\n\n\n\n<p class=\"wp-block-paragraph\">\u00a1Hasta la pr\u00f3xima!<\/p>\n\n\n\n<div class=\"wp-block-buttons is-layout-flex wp-block-buttons-is-layout-flex\">\n<div class=\"wp-block-button\"><a class=\"wp-block-button__link wp-element-button\" href=\"https:\/\/www.reelshort.com\/es\/episodes\/episode-1-el-regreso-del-rey-lobo-6a66ca8e330282545a026be4-drz9qpl8qx\">Ver Serie Ahora &gt;&gt;<\/a><\/div>\n<\/div>\n","protected":false},"excerpt":{"rendered":"<p>Nory es desterrado de la manada por no conseguir despertar a su lobo. En el exilio entren\u00f3 con tres grandes [&hellip;]<\/p>\n","protected":false},"author":5,"featured_media":8287,"comment_status":"open","ping_status":"open","sticky":false,"template":"","format":"standard","meta":{"footnotes":""},"categories":[1],"tags":[],"class_list":["post-8276","post","type-post","status-publish","format-standard","has-post-thumbnail","hentry","category-temas-generales"],"yoast_head":"<!-- This site is optimized with the Yoast SEO plugin v24.0 - https:\/\/yoast.com\/wordpress\/plugins\/seo\/ -->\n<title>El Regreso del Sabio Dailymotion \u2013 El Disc\u00edpulo Legendario est\u00e1 de vuelta - ReelShort Fandom En Espa\u00f1ol<\/title>\n<meta name=\"description\" content=\"Su manada lo crey\u00f3 un inutil sin lobo, pero despu\u00e9s de 20 a\u00f1os de entrenar con maestros sagrados en el exilio se convirti\u00f3 en El Genio Lobo.\" \/>\n<meta name=\"robots\" content=\"index, follow, max-snippet:-1, max-image-preview:large, max-video-preview:-1\" \/>\n<link rel=\"canonical\" href=\"https:\/\/www.reelshort.com\/es\/fandom\/el-regreso-del-sabio-dailymotion-015-8-1e-1e\/\" \/>\n<meta property=\"og:locale\" content=\"es_ES\" \/>\n<meta property=\"og:type\" content=\"article\" \/>\n<meta property=\"og:title\" content=\"El Regreso del Sabio Dailymotion \u2013 El Disc\u00edpulo Legendario est\u00e1 de vuelta - ReelShort Fandom En Espa\u00f1ol\" \/>\n<meta property=\"og:description\" content=\"Su manada lo crey\u00f3 un inutil sin lobo, pero despu\u00e9s de 20 a\u00f1os de entrenar con maestros sagrados en el exilio se convirti\u00f3 en El Genio Lobo.\" \/>\n<meta property=\"og:url\" content=\"https:\/\/www.reelshort.com\/es\/fandom\/el-regreso-del-sabio-dailymotion-015-8-1e-1e\/\" \/>\n<meta property=\"og:site_name\" content=\"ReelShort Fandom En Espa\u00f1ol\" \/>\n<meta property=\"article:published_time\" content=\"2026-09-02T02:01:44+00:00\" \/>\n<meta property=\"article:modified_time\" content=\"2026-09-02T02:05:56+00:00\" \/>\n<meta property=\"og:image\" content=\"https:\/\/www.reelshort.com\/es\/fandom\/wp-content\/uploads\/2026\/09\/el-regreso-del-sabio-completa-07-1.png\" \/>\n\t<meta property=\"og:image:width\" content=\"600\" \/>\n\t<meta property=\"og:image:height\" content=\"400\" \/>\n\t<meta property=\"og:image:type\" content=\"image\/png\" \/>\n<meta name=\"author\" content=\"Aurelia Windsor\" \/>\n<meta name=\"twitter:card\" content=\"summary_large_image\" \/>\n<meta name=\"twitter:label1\" content=\"Escrito por\" \/>\n\t<meta name=\"twitter:data1\" content=\"Aurelia Windsor\" \/>\n\t<meta name=\"twitter:label2\" content=\"Tiempo de lectura\" \/>\n\t<meta name=\"twitter:data2\" content=\"9 minutos\" \/>\n<script type=\"application\/ld+json\" class=\"yoast-schema-graph\">{\"@context\":\"https:\/\/schema.org\",\"@graph\":[{\"@type\":\"WebPage\",\"@id\":\"https:\/\/www.reelshort.com\/es\/fandom\/el-regreso-del-sabio-dailymotion-015-8-1e-1e\/\",\"url\":\"https:\/\/www.reelshort.com\/es\/fandom\/el-regreso-del-sabio-dailymotion-015-8-1e-1e\/\",\"name\":\"El Regreso del Sabio Dailymotion \u2013 El Disc\u00edpulo Legendario est\u00e1 de vuelta - ReelShort Fandom En Espa\u00f1ol\",\"isPartOf\":{\"@id\":\"https:\/\/www.reelshort.com\/es\/fandom\/#website\"},\"primaryImageOfPage\":{\"@id\":\"https:\/\/www.reelshort.com\/es\/fandom\/el-regreso-del-sabio-dailymotion-015-8-1e-1e\/#primaryimage\"},\"image\":{\"@id\":\"https:\/\/www.reelshort.com\/es\/fandom\/el-regreso-del-sabio-dailymotion-015-8-1e-1e\/#primaryimage\"},\"thumbnailUrl\":\"https:\/\/www.reelshort.com\/es\/fandom\/wp-content\/uploads\/2026\/09\/el-regreso-del-sabio-completa-07-1.png\",\"datePublished\":\"2026-09-02T02:01:44+00:00\",\"dateModified\":\"2026-09-02T02:05:56+00:00\",\"author\":{\"@id\":\"https:\/\/www.reelshort.com\/es\/fandom\/#\/schema\/person\/df702e0befecf536c08c3a534aa9fbb2\"},\"description\":\"Su manada lo crey\u00f3 un inutil sin lobo, pero despu\u00e9s de 20 a\u00f1os de entrenar con maestros sagrados en el exilio se convirti\u00f3 en El Genio Lobo.\",\"breadcrumb\":{\"@id\":\"https:\/\/www.reelshort.com\/es\/fandom\/el-regreso-del-sabio-dailymotion-015-8-1e-1e\/#breadcrumb\"},\"inLanguage\":\"es\",\"potentialAction\":[{\"@type\":\"ReadAction\",\"target\":[\"https:\/\/www.reelshort.com\/es\/fandom\/el-regreso-del-sabio-dailymotion-015-8-1e-1e\/\"]}]},{\"@type\":\"ImageObject\",\"inLanguage\":\"es\",\"@id\":\"https:\/\/www.reelshort.com\/es\/fandom\/el-regreso-del-sabio-dailymotion-015-8-1e-1e\/#primaryimage\",\"url\":\"https:\/\/www.reelshort.com\/es\/fandom\/wp-content\/uploads\/2026\/09\/el-regreso-del-sabio-completa-07-1.png\",\"contentUrl\":\"https:\/\/www.reelshort.com\/es\/fandom\/wp-content\/uploads\/2026\/09\/el-regreso-del-sabio-completa-07-1.png\",\"width\":600,\"height\":400,\"caption\":\"el regreso del sabio dailymotion\"},{\"@type\":\"BreadcrumbList\",\"@id\":\"https:\/\/www.reelshort.com\/es\/fandom\/el-regreso-del-sabio-dailymotion-015-8-1e-1e\/#breadcrumb\",\"itemListElement\":[{\"@type\":\"ListItem\",\"position\":1,\"name\":\"Home\",\"item\":\"https:\/\/www.reelshort.com\/es\/fandom\/\"},{\"@type\":\"ListItem\",\"position\":2,\"name\":\"El Regreso del Sabio Dailymotion \u2013 El Disc\u00edpulo Legendario est\u00e1 de vuelta\"}]},{\"@type\":\"WebSite\",\"@id\":\"https:\/\/www.reelshort.com\/es\/fandom\/#website\",\"url\":\"https:\/\/www.reelshort.com\/es\/fandom\/\",\"name\":\"ReelShort Fandom En Espa\u00f1ol\",\"description\":\"Para satisfacer toda la curiosidad de los cin\u00e9filos\",\"potentialAction\":[{\"@type\":\"SearchAction\",\"target\":{\"@type\":\"EntryPoint\",\"urlTemplate\":\"https:\/\/www.reelshort.com\/es\/fandom\/?s={search_term_string}\"},\"query-input\":{\"@type\":\"PropertyValueSpecification\",\"valueRequired\":true,\"valueName\":\"search_term_string\"}}],\"inLanguage\":\"es\"},{\"@type\":\"Person\",\"@id\":\"https:\/\/www.reelshort.com\/es\/fandom\/#\/schema\/person\/df702e0befecf536c08c3a534aa9fbb2\",\"name\":\"Aurelia Windsor\",\"image\":{\"@type\":\"ImageObject\",\"inLanguage\":\"es\",\"@id\":\"https:\/\/www.reelshort.com\/es\/fandom\/#\/schema\/person\/image\/\",\"url\":\"https:\/\/secure.gravatar.com\/avatar\/8df2005a06e8a76058ed9c07f50a3e0c91b962f00190fdbc16a7a294724ca100?s=96&d=mm&r=g\",\"contentUrl\":\"https:\/\/secure.gravatar.com\/avatar\/8df2005a06e8a76058ed9c07f50a3e0c91b962f00190fdbc16a7a294724ca100?s=96&d=mm&r=g\",\"caption\":\"Aurelia Windsor\"},\"sameAs\":[\"https:\/\/www.reelshort.com\/\"],\"url\":\"https:\/\/www.reelshort.com\/es\/fandom\/author\/aurelia-windsor\/\"}]}<\/script>\n<!-- \/ Yoast SEO plugin. -->","yoast_head_json":{"title":"El Regreso del Sabio Dailymotion \u2013 El Disc\u00edpulo Legendario est\u00e1 de vuelta - ReelShort Fandom En Espa\u00f1ol","description":"Su manada lo crey\u00f3 un inutil sin lobo, pero despu\u00e9s de 20 a\u00f1os de entrenar con maestros sagrados en el exilio se convirti\u00f3 en El Genio Lobo.","robots":{"index":"index","follow":"follow","max-snippet":"max-snippet:-1","max-image-preview":"max-image-preview:large","max-video-preview":"max-video-preview:-1"},"canonical":"https:\/\/www.reelshort.com\/es\/fandom\/el-regreso-del-sabio-dailymotion-015-8-1e-1e\/","og_locale":"es_ES","og_type":"article","og_title":"El Regreso del Sabio Dailymotion \u2013 El Disc\u00edpulo Legendario est\u00e1 de vuelta - ReelShort Fandom En Espa\u00f1ol","og_description":"Su manada lo crey\u00f3 un inutil sin lobo, pero despu\u00e9s de 20 a\u00f1os de entrenar con maestros sagrados en el exilio se convirti\u00f3 en El Genio Lobo.","og_url":"https:\/\/www.reelshort.com\/es\/fandom\/el-regreso-del-sabio-dailymotion-015-8-1e-1e\/","og_site_name":"ReelShort Fandom En Espa\u00f1ol","article_published_time":"2026-09-02T02:01:44+00:00","article_modified_time":"2026-09-02T02:05:56+00:00","og_image":[{"width":600,"height":400,"url":"https:\/\/www.reelshort.com\/es\/fandom\/wp-content\/uploads\/2026\/09\/el-regreso-del-sabio-completa-07-1.png","type":"image\/png"}],"author":"Aurelia Windsor","twitter_card":"summary_large_image","twitter_misc":{"Escrito por":"Aurelia Windsor","Tiempo de lectura":"9 minutos"},"schema":{"@context":"https:\/\/schema.org","@graph":[{"@type":"WebPage","@id":"https:\/\/www.reelshort.com\/es\/fandom\/el-regreso-del-sabio-dailymotion-015-8-1e-1e\/","url":"https:\/\/www.reelshort.com\/es\/fandom\/el-regreso-del-sabio-dailymotion-015-8-1e-1e\/","name":"El Regreso del Sabio Dailymotion \u2013 El Disc\u00edpulo Legendario est\u00e1 de vuelta - ReelShort Fandom En Espa\u00f1ol","isPartOf":{"@id":"https:\/\/www.reelshort.com\/es\/fandom\/#website"},"primaryImageOfPage":{"@id":"https:\/\/www.reelshort.com\/es\/fandom\/el-regreso-del-sabio-dailymotion-015-8-1e-1e\/#primaryimage"},"image":{"@id":"https:\/\/www.reelshort.com\/es\/fandom\/el-regreso-del-sabio-dailymotion-015-8-1e-1e\/#primaryimage"},"thumbnailUrl":"https:\/\/www.reelshort.com\/es\/fandom\/wp-content\/uploads\/2026\/09\/el-regreso-del-sabio-completa-07-1.png","datePublished":"2026-09-02T02:01:44+00:00","dateModified":"2026-09-02T02:05:56+00:00","author":{"@id":"https:\/\/www.reelshort.com\/es\/fandom\/#\/schema\/person\/df702e0befecf536c08c3a534aa9fbb2"},"description":"Su manada lo crey\u00f3 un inutil sin lobo, pero despu\u00e9s de 20 a\u00f1os de entrenar con maestros sagrados en el exilio se convirti\u00f3 en El Genio Lobo.","breadcrumb":{"@id":"https:\/\/www.reelshort.com\/es\/fandom\/el-regreso-del-sabio-dailymotion-015-8-1e-1e\/#breadcrumb"},"inLanguage":"es","potentialAction":[{"@type":"ReadAction","target":["https:\/\/www.reelshort.com\/es\/fandom\/el-regreso-del-sabio-dailymotion-015-8-1e-1e\/"]}]},{"@type":"ImageObject","inLanguage":"es","@id":"https:\/\/www.reelshort.com\/es\/fandom\/el-regreso-del-sabio-dailymotion-015-8-1e-1e\/#primaryimage","url":"https:\/\/www.reelshort.com\/es\/fandom\/wp-content\/uploads\/2026\/09\/el-regreso-del-sabio-completa-07-1.png","contentUrl":"https:\/\/www.reelshort.com\/es\/fandom\/wp-content\/uploads\/2026\/09\/el-regreso-del-sabio-completa-07-1.png","width":600,"height":400,"caption":"el regreso del sabio dailymotion"},{"@type":"BreadcrumbList","@id":"https:\/\/www.reelshort.com\/es\/fandom\/el-regreso-del-sabio-dailymotion-015-8-1e-1e\/#breadcrumb","itemListElement":[{"@type":"ListItem","position":1,"name":"Home","item":"https:\/\/www.reelshort.com\/es\/fandom\/"},{"@type":"ListItem","position":2,"name":"El Regreso del Sabio Dailymotion \u2013 El Disc\u00edpulo Legendario est\u00e1 de vuelta"}]},{"@type":"WebSite","@id":"https:\/\/www.reelshort.com\/es\/fandom\/#website","url":"https:\/\/www.reelshort.com\/es\/fandom\/","name":"ReelShort Fandom En Espa\u00f1ol","description":"Para satisfacer toda la curiosidad de los cin\u00e9filos","potentialAction":[{"@type":"SearchAction","target":{"@type":"EntryPoint","urlTemplate":"https:\/\/www.reelshort.com\/es\/fandom\/?s={search_term_string}"},"query-input":{"@type":"PropertyValueSpecification","valueRequired":true,"valueName":"search_term_string"}}],"inLanguage":"es"},{"@type":"Person","@id":"https:\/\/www.reelshort.com\/es\/fandom\/#\/schema\/person\/df702e0befecf536c08c3a534aa9fbb2","name":"Aurelia Windsor","image":{"@type":"ImageObject","inLanguage":"es","@id":"https:\/\/www.reelshort.com\/es\/fandom\/#\/schema\/person\/image\/","url":"https:\/\/secure.gravatar.com\/avatar\/8df2005a06e8a76058ed9c07f50a3e0c91b962f00190fdbc16a7a294724ca100?s=96&d=mm&r=g","contentUrl":"https:\/\/secure.gravatar.com\/avatar\/8df2005a06e8a76058ed9c07f50a3e0c91b962f00190fdbc16a7a294724ca100?s=96&d=mm&r=g","caption":"Aurelia Windsor"},"sameAs":["https:\/\/www.reelshort.com\/"],"url":"https:\/\/www.reelshort.com\/es\/fandom\/author\/aurelia-windsor\/"}]}},"_links":{"self":[{"href":"https:\/\/www.reelshort.com\/es\/fandom\/wp-json\/wp\/v2\/posts\/8276","targetHints":{"allow":["GET"]}}],"collection":[{"href":"https:\/\/www.reelshort.com\/es\/fandom\/wp-json\/wp\/v2\/posts"}],"about":[{"href":"https:\/\/www.reelshort.com\/es\/fandom\/wp-json\/wp\/v2\/types\/post"}],"author":[{"embeddable":true,"href":"https:\/\/www.reelshort.com\/es\/fandom\/wp-json\/wp\/v2\/users\/5"}],"replies":[{"embeddable":true,"href":"https:\/\/www.reelshort.com\/es\/fandom\/wp-json\/wp\/v2\/comments?post=8276"}],"version-history":[{"count":5,"href":"https:\/\/www.reelshort.com\/es\/fandom\/wp-json\/wp\/v2\/posts\/8276\/revisions"}],"predecessor-version":[{"id":8290,"href":"https:\/\/www.reelshort.com\/es\/fandom\/wp-json\/wp\/v2\/posts\/8276\/revisions\/8290"}],"wp:featuredmedia":[{"embeddable":true,"href":"https:\/\/www.reelshort.com\/es\/fandom\/wp-json\/wp\/v2\/media\/8287"}],"wp:attachment":[{"href":"https:\/\/www.reelshort.com\/es\/fandom\/wp-json\/wp\/v2\/media?parent=8276"}],"wp:term":[{"taxonomy":"category","embeddable":true,"href":"https:\/\/www.reelshort.com\/es\/fandom\/wp-json\/wp\/v2\/categories?post=8276"},{"taxonomy":"post_tag","embeddable":true,"href":"https:\/\/www.reelshort.com\/es\/fandom\/wp-json\/wp\/v2\/tags?post=8276"}],"curies":[{"name":"wp","href":"https:\/\/api.w.org\/{rel}","templated":true}]}}