{"id":8291,"date":"2026-09-02T10:15:03","date_gmt":"2026-09-02T02:15:03","guid":{"rendered":"https:\/\/www.reelshort.com\/es\/fandom\/?p=8291"},"modified":"2026-09-02T10:15:13","modified_gmt":"2026-09-02T02:15:13","slug":"el-regreso-del-sabio-doblado-015-1-1e-1e","status":"publish","type":"post","link":"https:\/\/www.reelshort.com\/es\/fandom\/el-regreso-del-sabio-doblado-015-1-1e-1e\/","title":{"rendered":"\u00bfD\u00f3nde Ver El Regreso del Sabio Doblado? \u2013 La emocionante fantas\u00eda m\u00edstica de vampiros y lic\u00e1ntropos"},"content":{"rendered":"\n<p class=\"wp-block-paragraph\">El se\u00f1or de los vampiros fue humillado por un joven desconocido, dejando su orgullo herido. Incapaz de aceptar la derrota, busca venganza y el fin de los hombres lobo.<\/p>\n\n\n\n<p class=\"wp-block-paragraph\">Ajeno a la tormenta que se acerca, Nory demuestra en el torneo de los clanes porque es el disc\u00edpulo de los tres maestros legendarios \u00bfEstar\u00e1 preparado para la guerra que se aproxima?<\/p>\n\n\n\n<p class=\"wp-block-paragraph\">Averigualo en: <a href=\"https:\/\/www.reelshort.com\/es\/movie\/el-regreso-del-rey-lobo-6a66ca8e330282545a026be4\">El Regreso del Sabio<\/a> Doblado<\/p>\n\n\n<p><iframe loading=\"lazy\" id=\"reelshort_player\" width=\"600\" height=\"400\" src=\"https:\/\/www.reelshort.com\/es\/embed\/6a66ca8e330282545a026be4-drz9qpl8qx?show_controls=true\" title=\"ReelShort video player\" frameBorder=\"0\" allow=\"accelerometer; autoplay; clipboard-write; encrypted-media; gyroscope; picture-in-picture; web-share\" referrerPolicy=\"strict-origin-when-cross-origin\" allowFullScreen ><\/iframe><\/p>\n\n\n<div class=\"wp-block-buttons is-layout-flex wp-block-buttons-is-layout-flex\">\n<div class=\"wp-block-button\"><a class=\"wp-block-button__link wp-element-button\" href=\"https:\/\/www.reelshort.com\/es\/episodes\/episode-1-el-regreso-del-rey-lobo-6a66ca8e330282545a026be4-drz9qpl8qx\">Ver Serie Ahora &gt;&gt;<\/a><\/div>\n<\/div>\n\n\n\n<ul class=\"wp-block-list\">\n<li><a href=\"#part1\">Parte 1: Los Rostros de la Historia: Conoce a los protagonistas de El Regreso del Sabio En Espa\u00f1ol<\/a><\/li>\n\n\n\n<li><a href=\"#part2\">Parte 2: Una Serie que no te puedes perder: \u00bfD\u00f3nde Encontrar El Regreso del Sabio Completa?<\/a><\/li>\n\n\n\n<li><a href=\"#part3\">Parte 3: \u00bfBuscas algo nuevo despu\u00e9s de El Regreso del Sabio?: Conoce nuestras Recomendaciones de la semana<\/a><\/li>\n\n\n\n<li><a href=\"#part4\">Conclusi\u00f3n: El momento perfecto para un buen marat\u00f3n<\/a><\/li>\n<\/ul>\n\n\n\n<h2 id=\"part1\" class=\"wp-block-heading\">Parte 1: Los Rostros de la Historia: Conoce a los protagonistas de El Regreso del Sabio En Espa\u00f1ol<\/h2>\n\n\n\n<h3 class=\"wp-block-heading\"><a><\/a>Nory: El guerrero legendario rechazado por su manada<\/h3>\n\n\n\n<figure class=\"wp-block-image size-full is-resized\"><img loading=\"lazy\" decoding=\"async\" width=\"600\" height=\"400\" src=\"https:\/\/www.reelshort.com\/es\/fandom\/wp-content\/uploads\/2026\/09\/el-regreso-del-sabio-donde-ver-03.png\" alt=\"El Regreso del Sabio en espa\u00f1ol\" class=\"wp-image-8294\" style=\"aspect-ratio:1.4857142857142858;width:600px;height:auto\" srcset=\"https:\/\/www.reelshort.com\/es\/fandom\/wp-content\/uploads\/2026\/09\/el-regreso-del-sabio-donde-ver-03.png 600w, https:\/\/www.reelshort.com\/es\/fandom\/wp-content\/uploads\/2026\/09\/el-regreso-del-sabio-donde-ver-03-300x200.png 300w\" sizes=\"auto, (max-width: 600px) 100vw, 600px\" \/><\/figure>\n\n\n\n<p class=\"wp-block-paragraph\">&nbsp;Nory&nbsp; es un joven que lleva sobre sus hombros, sin saberlo, el destino y la supervivencia de toda su especie, aunque fue desterrado por su propia gente.<\/p>\n\n\n\n<p class=\"wp-block-paragraph\">Fue criado por tres legendarios maestros por quienes siente profundo respeto, por eso no es capaz de reconocer su propio potencial m\u00edstico.&nbsp;<\/p>\n\n\n\n<p class=\"wp-block-paragraph\">Su viaje comienza cuando sus gu\u00edas le encomiendan volver a casa y reunirse con su madre, una tarea que parece sencilla pero que al final es todo lo contrario.<\/p>\n\n\n\n<p class=\"wp-block-paragraph\">Su manada y en especial su padre lo reciben con frialdad, porque todav\u00eda lo consideran un ser inferior, una deshonra para su legado.<\/p>\n\n\n\n<p class=\"wp-block-paragraph\">Lo que no saben, es que este chico pas\u00f3 veinte a\u00f1os absorbiendo t\u00e9cnicas antiguas y sabidur\u00eda ancestral y que sus poderes no pertenecen a la misma dimensi\u00f3n.<\/p>\n\n\n\n<p class=\"wp-block-paragraph\">Para ganar el derecho de ver a su madre, Nory debe completar con \u00e9xito el Torneo de los Clanes, la m\u00e1xima prueba de poder y resistencia de los hombres lobo.<\/p>\n\n\n\n<p class=\"wp-block-paragraph\">Su familia est\u00e1 convencida de que alguien de su nivel no sobrevivir\u00e1 a la primera ronda, ignorantes del inmenso poder escondido del relegado de la manada.<\/p>\n\n\n\n<p class=\"wp-block-paragraph\">Para Nory las famosas pruebas del torneo no representan ninguna amenaza, haci\u00e9ndolo sentir desconcertado, porque los dem\u00e1s parecen sufrir demasiado.<\/p>\n\n\n\n<p class=\"wp-block-paragraph\">Lo cierto es que \u00e9l est\u00e1 muy por encima de todos ellos.<\/p>\n\n\n\n<h3 class=\"wp-block-heading\"><a><\/a>Ryan: El Se\u00f1or de los Vampiros<\/h3>\n\n\n\n<figure class=\"wp-block-image size-full is-resized\"><img loading=\"lazy\" decoding=\"async\" width=\"600\" height=\"400\" src=\"https:\/\/www.reelshort.com\/es\/fandom\/wp-content\/uploads\/2026\/09\/el-regreso-del-sabio-donde-ver-01.png\" alt=\"el regreso del sabio dailymotion\" class=\"wp-image-8301\" style=\"aspect-ratio:1.4864864864864864;width:586px;height:auto\" srcset=\"https:\/\/www.reelshort.com\/es\/fandom\/wp-content\/uploads\/2026\/09\/el-regreso-del-sabio-donde-ver-01.png 600w, https:\/\/www.reelshort.com\/es\/fandom\/wp-content\/uploads\/2026\/09\/el-regreso-del-sabio-donde-ver-01-300x200.png 300w\" sizes=\"auto, (max-width: 600px) 100vw, 600px\" \/><\/figure>\n\n\n\n<div class=\"wp-block-buttons is-layout-flex wp-block-buttons-is-layout-flex\">\n<div class=\"wp-block-button\"><a class=\"wp-block-button__link wp-element-button\" href=\"https:\/\/www.reelshort.com\/es\/episodes\/episode-1-el-regreso-del-rey-lobo-6a66ca8e330282545a026be4-drz9qpl8qx\">Ver Serie Ahora &gt;&gt;<\/a><\/div>\n<\/div>\n\n\n\n<p class=\"wp-block-paragraph\">Ryan es la definici\u00f3n de elegancia oscura y crueldad, como todo buen vampiro, pero su ambici\u00f3n y sed de sangre no conocen l\u00edmites.<\/p>\n\n\n\n<p class=\"wp-block-paragraph\">Como es el m\u00e1ximo ejemplar de su raza, la soberbia domina su mente por completo, si a eso le sumamos su enorme narcisismo, se convierte en un enemigo predecible.<\/p>\n\n\n\n<p class=\"wp-block-paragraph\">Su objetivo es masacrar a las manadas, guiado por la brutalidad de sus m\u00e1s bajos instintos soci\u00f3patas. Busca infundir terror eterno en el coraz\u00f3n de sus rivales.<\/p>\n\n\n\n<p class=\"wp-block-paragraph\">Tiene la firme y err\u00f3nea creencia de que su raza es infinitamente superior, dando por hecho que las dem\u00e1s especies son insectos en su presencia. Ese es su mayor punto d\u00e9bil.<\/p>\n\n\n\n<p class=\"wp-block-paragraph\">Porque esa arrogancia ilimitada es el motor de su propia decadencia, lo vuelve ciego ante la profec\u00eda, incapaz de advertir la conspiraci\u00f3n en su contra.<\/p>\n\n\n\n<p class=\"wp-block-paragraph\">Su punto de quiebre ocurre al toparse en su camino con un guerrero mil veces superior, alguien que le muestra su gran equivocaci\u00f3n.<\/p>\n\n\n\n<p class=\"wp-block-paragraph\">El enorme poder que tanto lo llenaba de orgullo, no es rival para Nory, quien con pocos movimientos lo deja neutralizado y especialmente, humillado.<\/p>\n\n\n\n<p class=\"wp-block-paragraph\">Al ser derrotado y con su propio orgullo destrozado, Ryan no tiene otra alternativa que aceptar que es una part\u00edcula en un mundo dominado por el gran guerrero legendario.<\/p>\n\n\n\n<h2 id=\"part2\" class=\"wp-block-heading\">Parte 2: Una Serie que no te puedes perder: \u00bfD\u00f3nde Encontrar El Regreso del Sabio Completa?<\/h2>\n\n\n\n<figure class=\"wp-block-image size-full is-resized\"><img loading=\"lazy\" decoding=\"async\" width=\"600\" height=\"400\" src=\"https:\/\/www.reelshort.com\/es\/fandom\/wp-content\/uploads\/2026\/09\/el-regreso-del-sabio-donde-ver-04.png\" alt=\"El Regreso del Sabio sub espanol\" class=\"wp-image-8295\" style=\"aspect-ratio:1.5043103448275863;width:595px;height:auto\" srcset=\"https:\/\/www.reelshort.com\/es\/fandom\/wp-content\/uploads\/2026\/09\/el-regreso-del-sabio-donde-ver-04.png 600w, https:\/\/www.reelshort.com\/es\/fandom\/wp-content\/uploads\/2026\/09\/el-regreso-del-sabio-donde-ver-04-300x200.png 300w\" sizes=\"auto, (max-width: 600px) 100vw, 600px\" \/><\/figure>\n\n\n\n<p class=\"wp-block-paragraph\">El Regreso del Sabio es un drama hecho para los amantes de la fantas\u00eda, los hombres lobos y los conflictos familiares de sucesi\u00f3n.<\/p>\n\n\n\n<p class=\"wp-block-paragraph\">Su trama no se enfoca en el romance, sino en la evoluci\u00f3n del h\u00e9roe legendario.<\/p>\n\n\n\n<p class=\"wp-block-paragraph\">Nos adentramos en un mundo donde los vampiros y los hombres lobo est\u00e1n en medio de una guerra, con lic\u00e1ntropos en clara desventaja.<\/p>\n\n\n\n<p class=\"wp-block-paragraph\">Este intenso drama lo puedes encontrar en <a href=\"https:\/\/www.reelshort.com\/es\/tags\/story-beats\">reelshort<\/a>, como El Regreso del Rey Lobo, es corto y muy emocionante.<\/p>\n\n\n\n<p class=\"wp-block-paragraph\">Sigue la historia de Nory, un joven que al no poseer un lobo es desterrado por su manada, enviado a morir en soledad cuando apenas era un beb\u00e9.<\/p>\n\n\n\n<p class=\"wp-block-paragraph\">Su destino cambia cuando tres maestros m\u00edsticos los adoptan y lo entrenan durante veinte a\u00f1os, haciendo creer su potencial.<\/p>\n\n\n\n<p class=\"wp-block-paragraph\">Pero al haber crecido rodeado de tanto poder, Nory no es consciente de su enorme superioridad en relaci\u00f3n a los dem\u00e1s hombres lobo.<\/p>\n\n\n\n<p class=\"wp-block-paragraph\">Desconoce los l\u00edmites de su fuerza y la distancia colosal que lo separa de los miembros de su especie.<\/p>\n\n\n\n<p class=\"wp-block-paragraph\">Por eso, cuando regresa con la manada para ver a su madre y lo retan a ganar el torneo de los clanes, cree que ser\u00e1 un reto enorme al que deber\u00e1 hacer frente.<\/p>\n\n\n\n<p class=\"wp-block-paragraph\">Lo cierto es que ni los contrincantes ni las pruebas representan alg\u00fan tipo de desaf\u00edo para \u00e9l, todo lo contrario y eso es algo que lo deja desconcertado.&nbsp;<\/p>\n\n\n\n<div class=\"wp-block-buttons is-layout-flex wp-block-buttons-is-layout-flex\">\n<div class=\"wp-block-button\"><a class=\"wp-block-button__link wp-element-button\" href=\"https:\/\/www.reelshort.com\/es\/episodes\/episode-1-el-regreso-del-rey-lobo-6a66ca8e330282545a026be4-drz9qpl8qx\">Ver Serie Ahora &gt;&gt;<\/a><\/div>\n<\/div>\n\n\n\n<h2 id=\"part3\" class=\"wp-block-heading\">Parte 3: \u00bfBuscas algo nuevo despu\u00e9s de El Regreso del Sabio?: Conoce nuestras Recomendaciones de la semana<\/h2>\n\n\n\n<p class=\"wp-block-paragraph\">\u00bfTu historia favorita lleg\u00f3 a su fin y buscas una nueva? De seguro no pudiste resistir la tentaci\u00f3n de hacer marat\u00f3n y la devoraste enseguida; no te preocupes, te entendemos perfectamente.<\/p>\n\n\n\n<p class=\"wp-block-paragraph\">Aqu\u00ed te dejamos las mejores sugerencias en estrenos recientes de reelshort para que puedas darte un banquete de buenos dramas.<\/p>\n\n\n\n<p class=\"wp-block-paragraph\">\u00bfVamos?<\/p>\n\n\n\n<h3 class=\"wp-block-heading\"><a><\/a>Vendida al se\u00f1or de la guerra<\/h3>\n\n\n\n<figure class=\"wp-block-image size-full is-resized\"><img loading=\"lazy\" decoding=\"async\" width=\"600\" height=\"400\" src=\"https:\/\/www.reelshort.com\/es\/fandom\/wp-content\/uploads\/2026\/09\/el-regreso-del-sabio-donde-ver-06.png\" alt=\"\nel regreso del sabio drama\" class=\"wp-image-8297\" style=\"aspect-ratio:1.2589285714285714;width:584px;height:auto\" srcset=\"https:\/\/www.reelshort.com\/es\/fandom\/wp-content\/uploads\/2026\/09\/el-regreso-del-sabio-donde-ver-06.png 600w, https:\/\/www.reelshort.com\/es\/fandom\/wp-content\/uploads\/2026\/09\/el-regreso-del-sabio-donde-ver-06-300x200.png 300w\" sizes=\"auto, (max-width: 600px) 100vw, 600px\" \/><\/figure>\n\n\n\n<p class=\"wp-block-paragraph\">Despu\u00e9s de ser obligada a contraer matrimonio con un despiadado general ancestral, Casia ser\u00e1 puesta entre la espada y la pared, al tener que tomar una decisi\u00f3n imposible.<\/p>\n\n\n\n<p class=\"wp-block-paragraph\">Escoger entre traicionar todo lo que conoce y entregarse por completo al misterioso hombre que la compr\u00f3 para salvar a su amado pueblo de la extinci\u00f3n. Ser\u00e1 su dilema.<\/p>\n\n\n\n<p class=\"wp-block-paragraph\">\u00bfPodr\u00e1 el fuego de la pasi\u00f3n domar al guerrero m\u00e1s salvaje antes de que la guerra destruya su reino?<\/p>\n\n\n\n<p class=\"wp-block-paragraph\">Prep\u00e1rate para la pasi\u00f3n, el romance y la fantas\u00eda.<\/p>\n\n\n\n<p class=\"wp-block-paragraph\">Ver serie ahora: <a href=\"https:\/\/www.reelshort.com\/es\/episodes\/episode-1-vendida-al-se%C3%B1or-de-la-guerra-6a793b06f9d715c434008346-2vfgk6qx69?play_time=1\">Episodio 1 &#8211; Vendida al se\u00f1or de la guerra Pel\u00edcula Completa<\/a><\/p>\n\n\n\n<h3 class=\"wp-block-heading\"><a><\/a>Como destrozarle el coraz\u00f3n a mi acosador<\/h3>\n\n\n\n<figure class=\"wp-block-image size-full is-resized\"><img loading=\"lazy\" decoding=\"async\" width=\"600\" height=\"400\" src=\"https:\/\/www.reelshort.com\/es\/fandom\/wp-content\/uploads\/2026\/09\/el-regreso-del-sabio-donde-ver-07.png\" alt=\"Como destrozarle el coraz\u00f3n a mi acosador\" class=\"wp-image-8298\" style=\"aspect-ratio:1.2589285714285714;width:595px;height:auto\" srcset=\"https:\/\/www.reelshort.com\/es\/fandom\/wp-content\/uploads\/2026\/09\/el-regreso-del-sabio-donde-ver-07.png 600w, https:\/\/www.reelshort.com\/es\/fandom\/wp-content\/uploads\/2026\/09\/el-regreso-del-sabio-donde-ver-07-300x200.png 300w\" sizes=\"auto, (max-width: 600px) 100vw, 600px\" \/><\/figure>\n\n\n\n<p class=\"wp-block-paragraph\">Kristina mantiene a salvo sus sue\u00f1os bajo una m\u00e1scara en internet. Dentro del mundo virtual, se enamor\u00f3 perdidamente de Dax, su mayor y m\u00e1s fiel seguidor.<\/p>\n\n\n\n<p class=\"wp-block-paragraph\">No obstante, el mundo real choca brutalmente con el de fantas\u00eda cuando descubre horrorizada un peque\u00f1o detalle.<\/p>\n\n\n\n<p class=\"wp-block-paragraph\">Su novio cibern\u00e9tico de ensue\u00f1o es Daxter, el despreciable acosador de su escuela. \u00bfHabr\u00e1 espacio para el perd\u00f3n o esta cruel traici\u00f3n marcar\u00e1 el final de su romance digital?<\/p>\n\n\n\n<p class=\"wp-block-paragraph\">Ver serie ahora: <a href=\"https:\/\/www.reelshort.com\/es\/episodes\/episode-1-c%C3%B3mo-destrozarle-el-coraz%C3%B3n-a-mi-acosador-6a68b9c98e2fd9269906687f-nv03qml0x1\">Episodio 1 &#8211; C\u00f3mo destrozarle el coraz\u00f3n a mi acosador | ReelShort<\/a><\/p>\n\n\n\n<h3 class=\"wp-block-heading\"><a><\/a>Embarazada de su hermano Alfa<\/h3>\n\n\n\n<figure class=\"wp-block-image size-full is-resized\"><img loading=\"lazy\" decoding=\"async\" width=\"600\" height=\"400\" src=\"https:\/\/www.reelshort.com\/es\/fandom\/wp-content\/uploads\/2026\/09\/el-regreso-del-sabio-donde-ver-09.png\" alt=\"Embarazada de su hermano Alfa en espa\u00f1ol\" class=\"wp-image-8300\" style=\"aspect-ratio:1.2589285714285714;width:591px;height:auto\" srcset=\"https:\/\/www.reelshort.com\/es\/fandom\/wp-content\/uploads\/2026\/09\/el-regreso-del-sabio-donde-ver-09.png 600w, https:\/\/www.reelshort.com\/es\/fandom\/wp-content\/uploads\/2026\/09\/el-regreso-del-sabio-donde-ver-09-300x200.png 300w\" sizes=\"auto, (max-width: 600px) 100vw, 600px\" \/><\/figure>\n\n\n\n<p class=\"wp-block-paragraph\">Durante tres a\u00f1os, Sloane fue la pareja falsa del heredero Royce. En ese tiempo sufri\u00f3 en silencio su desprecio, \u00e9l nunca la marc\u00f3&nbsp; y disfrutaba de humillarla en p\u00fablico.<\/p>\n\n\n\n<p class=\"wp-block-paragraph\">Hasta que apareci\u00f3 Kael, el hermano de su prometido y le propuso un teatro: \u00abEn tres meses, \u00e9l no te complaci\u00f3 ni una vez. Yo solo necesito una noche\u00bb.<\/p>\n\n\n\n<p class=\"wp-block-paragraph\">Una mordida verdadera rompe el v\u00ednculo falso. Sloane espera al cachorro de Kael. Pero Royce no piensa quedarse de brazos cruzados.<\/p>\n\n\n\n<p class=\"wp-block-paragraph\">Con siete meses de embarazo,&nbsp; la vida de la chica corre un inmenso peligro \u00bfDe qu\u00e9 ser\u00e1 capaz Royce para ejecutar su venganza?<\/p>\n\n\n\n<p class=\"wp-block-paragraph\">\u00bfAcaso Kael podr\u00e1 proteger a la fr\u00e1gil familia que intenta construir?<\/p>\n\n\n\n<p class=\"wp-block-paragraph\">Ver serie ahora: <a href=\"https:\/\/www.reelshort.com\/es\/episodes\/episode-1-embarazada-de-su-hermano-alfa-6a8d6bb9474e2ea69c0d9943-k480mydhod?play_time=1\">Episodio 1 &#8211; Embarazada de su hermano Alfa Pel\u00edcula Completa<\/a><\/p>\n\n\n\n<h3 class=\"wp-block-heading\"><a><\/a>Enamorada del pap\u00e1 mafioso de mi ex 2<\/h3>\n\n\n\n<figure class=\"wp-block-image size-full is-resized\"><img loading=\"lazy\" decoding=\"async\" width=\"600\" height=\"400\" src=\"https:\/\/www.reelshort.com\/es\/fandom\/wp-content\/uploads\/2026\/09\/el-regreso-del-sabio-donde-ver-08.png\" alt=\"El Regreso del Sabio serie\" class=\"wp-image-8299\" style=\"aspect-ratio:1.2589285714285714;width:586px;height:auto\" srcset=\"https:\/\/www.reelshort.com\/es\/fandom\/wp-content\/uploads\/2026\/09\/el-regreso-del-sabio-donde-ver-08.png 600w, https:\/\/www.reelshort.com\/es\/fandom\/wp-content\/uploads\/2026\/09\/el-regreso-del-sabio-donde-ver-08-300x200.png 300w\" sizes=\"auto, (max-width: 600px) 100vw, 600px\" \/><\/figure>\n\n\n\n<p class=\"wp-block-paragraph\">Este es sin duda uno de los estrenos m\u00e1s esperados de la temporada, la obra que hizo estallar los termometros est\u00e1 de regreso, con mucho m\u00e1s picante.<\/p>\n\n\n\n<p class=\"wp-block-paragraph\">Tras el arrollador \u00e9xito de su primera entrega, vuelve el drama prohibido m\u00e1s comentado de las redes, el peligro y la pasi\u00f3n van a llegar al siguiente nivel.<\/p>\n\n\n\n<p class=\"wp-block-paragraph\">Nuestra protagonista intenta escapar de su pasado, pero el destino la pone de nuevo frente al hombre m\u00e1s poderoso y peligroso del bajo mundo.<\/p>\n\n\n\n<p class=\"wp-block-paragraph\">\u00bfCeder\u00e1 ante el deseo prohibido o las redes de la mafia terminar\u00e1n destruyendo su \u00faltima oportunidad de ser feliz?<\/p>\n\n\n\n<p class=\"wp-block-paragraph\">Ver serie ahora: <a href=\"https:\/\/www.reelshort.com\/es\/episodes\/episode-1-enamorada-del-pap%C3%A1-mafioso-de-mi-ex-2-6a90f3f353fcd6a4dd056ce8-ud5po1abky?play_time=1\">Episodio 1 &#8211; Enamorada del pap\u00e1 mafioso de mi ex 2 Pel\u00edcula Completa<\/a><\/p>\n\n\n\n<h2 id=\"part4\" class=\"wp-block-heading\">Parte 4: Conclusi\u00f3n: El momento perfecto para un buen marat\u00f3n<\/h2>\n\n\n\n<figure class=\"wp-block-image size-full is-resized\"><img loading=\"lazy\" decoding=\"async\" width=\"600\" height=\"400\" src=\"https:\/\/www.reelshort.com\/es\/fandom\/wp-content\/uploads\/2026\/09\/el-regreso-del-sabio-donde-ver-02.png\" alt=\"El Regreso del Sabio personajes principales\" class=\"wp-image-8293\" style=\"aspect-ratio:1.259433962264151;width:584px;height:auto\" srcset=\"https:\/\/www.reelshort.com\/es\/fandom\/wp-content\/uploads\/2026\/09\/el-regreso-del-sabio-donde-ver-02.png 600w, https:\/\/www.reelshort.com\/es\/fandom\/wp-content\/uploads\/2026\/09\/el-regreso-del-sabio-donde-ver-02-300x200.png 300w\" sizes=\"auto, (max-width: 600px) 100vw, 600px\" \/><\/figure>\n\n\n\n<p class=\"wp-block-paragraph\">El Regreso del Sabio es una opci\u00f3n genial para los amantes de los dramas de hombres lobo, las guerras fant\u00e1sticas y las secuencias impactantes.<\/p>\n\n\n\n<p class=\"wp-block-paragraph\">Nory regres\u00f3 para poner en su lugar a todos quienes lo marginaron con elegancia, demostrando su poder sin presumir.<\/p>\n\n\n\n<p class=\"wp-block-paragraph\">Definitivamente, esta es una historia para devorar desde el inicio.<\/p>\n\n\n\n<p class=\"wp-block-paragraph\">Y si despu\u00e9s de hacer marat\u00f3n quieres embarcarte en una nueva aventura, la cartelera de Reelshort est\u00e1 llena de estrenos geniales para disfrutar.&nbsp;<\/p>\n\n\n\n<p class=\"wp-block-paragraph\">Con historias maravillosas para todos los gustos. No hay pretextos para sentirse aburridos.<\/p>\n\n\n\n<p class=\"wp-block-paragraph\">&nbsp;No te pierdas de tus series favoritas, haciendo click en el enlace o descargando la app de Reelshort desde tu celular.<\/p>\n\n\n\n<p class=\"wp-block-paragraph\">\u00a1Hasta la pr\u00f3xima!<\/p>\n\n\n\n<div class=\"wp-block-buttons is-layout-flex wp-block-buttons-is-layout-flex\">\n<div class=\"wp-block-button\"><a class=\"wp-block-button__link wp-element-button\" href=\"https:\/\/www.reelshort.com\/es\/episodes\/episode-1-el-regreso-del-rey-lobo-6a66ca8e330282545a026be4-drz9qpl8qx\">Ver Serie Ahora &gt;&gt;<\/a><\/div>\n<\/div>\n\n\n\n<p class=\"wp-block-paragraph\"><\/p>\n","protected":false},"excerpt":{"rendered":"<p>El se\u00f1or de los vampiros fue humillado por un joven desconocido, dejando su orgullo herido. Incapaz de aceptar la derrota, [&hellip;]<\/p>\n","protected":false},"author":5,"featured_media":8296,"comment_status":"open","ping_status":"open","sticky":false,"template":"","format":"standard","meta":{"footnotes":""},"categories":[1],"tags":[],"class_list":["post-8291","post","type-post","status-publish","format-standard","has-post-thumbnail","hentry","category-temas-generales"],"yoast_head":"<!-- This site is optimized with the Yoast SEO plugin v24.0 - https:\/\/yoast.com\/wordpress\/plugins\/seo\/ -->\n<title>\u00bfD\u00f3nde Ver El Regreso del Sabio Doblado? \u2013 La emocionante fantas\u00eda m\u00edstica de vampiros y lic\u00e1ntropos - ReelShort Fandom En Espa\u00f1ol<\/title>\n<meta name=\"description\" content=\"Una guerra colosal est\u00e1 por comenzar. De un lado, el se\u00f1or de los vampiros y del otro el guerrero legendario de los hombres lobo \u00bfQui\u00e9n ser\u00e1 el \u00faltimo en quedar en pie?\" \/>\n<meta name=\"robots\" content=\"index, follow, max-snippet:-1, max-image-preview:large, max-video-preview:-1\" \/>\n<link rel=\"canonical\" href=\"https:\/\/www.reelshort.com\/es\/fandom\/el-regreso-del-sabio-doblado-015-1-1e-1e\/\" \/>\n<meta property=\"og:locale\" content=\"es_ES\" \/>\n<meta property=\"og:type\" content=\"article\" \/>\n<meta property=\"og:title\" content=\"\u00bfD\u00f3nde Ver El Regreso del Sabio Doblado? \u2013 La emocionante fantas\u00eda m\u00edstica de vampiros y lic\u00e1ntropos - ReelShort Fandom En Espa\u00f1ol\" \/>\n<meta property=\"og:description\" content=\"Una guerra colosal est\u00e1 por comenzar. De un lado, el se\u00f1or de los vampiros y del otro el guerrero legendario de los hombres lobo \u00bfQui\u00e9n ser\u00e1 el \u00faltimo en quedar en pie?\" \/>\n<meta property=\"og:url\" content=\"https:\/\/www.reelshort.com\/es\/fandom\/el-regreso-del-sabio-doblado-015-1-1e-1e\/\" \/>\n<meta property=\"og:site_name\" content=\"ReelShort Fandom En Espa\u00f1ol\" \/>\n<meta property=\"article:published_time\" content=\"2026-09-02T02:15:03+00:00\" \/>\n<meta property=\"article:modified_time\" content=\"2026-09-02T02:15:13+00:00\" \/>\n<meta property=\"og:image\" content=\"https:\/\/www.reelshort.com\/es\/fandom\/wp-content\/uploads\/2026\/09\/el-regreso-del-sabio-donde-ver-05.png\" \/>\n\t<meta property=\"og:image:width\" content=\"600\" \/>\n\t<meta property=\"og:image:height\" content=\"400\" \/>\n\t<meta property=\"og:image:type\" content=\"image\/png\" \/>\n<meta name=\"author\" content=\"Aurelia Windsor\" \/>\n<meta name=\"twitter:card\" content=\"summary_large_image\" \/>\n<meta name=\"twitter:label1\" content=\"Escrito por\" \/>\n\t<meta name=\"twitter:data1\" content=\"Aurelia Windsor\" \/>\n\t<meta name=\"twitter:label2\" content=\"Tiempo de lectura\" \/>\n\t<meta name=\"twitter:data2\" content=\"9 minutos\" \/>\n<script type=\"application\/ld+json\" class=\"yoast-schema-graph\">{\"@context\":\"https:\/\/schema.org\",\"@graph\":[{\"@type\":\"WebPage\",\"@id\":\"https:\/\/www.reelshort.com\/es\/fandom\/el-regreso-del-sabio-doblado-015-1-1e-1e\/\",\"url\":\"https:\/\/www.reelshort.com\/es\/fandom\/el-regreso-del-sabio-doblado-015-1-1e-1e\/\",\"name\":\"\u00bfD\u00f3nde Ver El Regreso del Sabio Doblado? \u2013 La emocionante fantas\u00eda m\u00edstica de vampiros y lic\u00e1ntropos - ReelShort Fandom En Espa\u00f1ol\",\"isPartOf\":{\"@id\":\"https:\/\/www.reelshort.com\/es\/fandom\/#website\"},\"primaryImageOfPage\":{\"@id\":\"https:\/\/www.reelshort.com\/es\/fandom\/el-regreso-del-sabio-doblado-015-1-1e-1e\/#primaryimage\"},\"image\":{\"@id\":\"https:\/\/www.reelshort.com\/es\/fandom\/el-regreso-del-sabio-doblado-015-1-1e-1e\/#primaryimage\"},\"thumbnailUrl\":\"https:\/\/www.reelshort.com\/es\/fandom\/wp-content\/uploads\/2026\/09\/el-regreso-del-sabio-donde-ver-05.png\",\"datePublished\":\"2026-09-02T02:15:03+00:00\",\"dateModified\":\"2026-09-02T02:15:13+00:00\",\"author\":{\"@id\":\"https:\/\/www.reelshort.com\/es\/fandom\/#\/schema\/person\/df702e0befecf536c08c3a534aa9fbb2\"},\"description\":\"Una guerra colosal est\u00e1 por comenzar. De un lado, el se\u00f1or de los vampiros y del otro el guerrero legendario de los hombres lobo \u00bfQui\u00e9n ser\u00e1 el \u00faltimo en quedar en pie?\",\"breadcrumb\":{\"@id\":\"https:\/\/www.reelshort.com\/es\/fandom\/el-regreso-del-sabio-doblado-015-1-1e-1e\/#breadcrumb\"},\"inLanguage\":\"es\",\"potentialAction\":[{\"@type\":\"ReadAction\",\"target\":[\"https:\/\/www.reelshort.com\/es\/fandom\/el-regreso-del-sabio-doblado-015-1-1e-1e\/\"]}]},{\"@type\":\"ImageObject\",\"inLanguage\":\"es\",\"@id\":\"https:\/\/www.reelshort.com\/es\/fandom\/el-regreso-del-sabio-doblado-015-1-1e-1e\/#primaryimage\",\"url\":\"https:\/\/www.reelshort.com\/es\/fandom\/wp-content\/uploads\/2026\/09\/el-regreso-del-sabio-donde-ver-05.png\",\"contentUrl\":\"https:\/\/www.reelshort.com\/es\/fandom\/wp-content\/uploads\/2026\/09\/el-regreso-del-sabio-donde-ver-05.png\",\"width\":600,\"height\":400,\"caption\":\"el regreso del sabio doblado\"},{\"@type\":\"BreadcrumbList\",\"@id\":\"https:\/\/www.reelshort.com\/es\/fandom\/el-regreso-del-sabio-doblado-015-1-1e-1e\/#breadcrumb\",\"itemListElement\":[{\"@type\":\"ListItem\",\"position\":1,\"name\":\"Home\",\"item\":\"https:\/\/www.reelshort.com\/es\/fandom\/\"},{\"@type\":\"ListItem\",\"position\":2,\"name\":\"\u00bfD\u00f3nde Ver El Regreso del Sabio Doblado? \u2013 La emocionante fantas\u00eda m\u00edstica de vampiros y lic\u00e1ntropos\"}]},{\"@type\":\"WebSite\",\"@id\":\"https:\/\/www.reelshort.com\/es\/fandom\/#website\",\"url\":\"https:\/\/www.reelshort.com\/es\/fandom\/\",\"name\":\"ReelShort Fandom En Espa\u00f1ol\",\"description\":\"Para satisfacer toda la curiosidad de los cin\u00e9filos\",\"potentialAction\":[{\"@type\":\"SearchAction\",\"target\":{\"@type\":\"EntryPoint\",\"urlTemplate\":\"https:\/\/www.reelshort.com\/es\/fandom\/?s={search_term_string}\"},\"query-input\":{\"@type\":\"PropertyValueSpecification\",\"valueRequired\":true,\"valueName\":\"search_term_string\"}}],\"inLanguage\":\"es\"},{\"@type\":\"Person\",\"@id\":\"https:\/\/www.reelshort.com\/es\/fandom\/#\/schema\/person\/df702e0befecf536c08c3a534aa9fbb2\",\"name\":\"Aurelia Windsor\",\"image\":{\"@type\":\"ImageObject\",\"inLanguage\":\"es\",\"@id\":\"https:\/\/www.reelshort.com\/es\/fandom\/#\/schema\/person\/image\/\",\"url\":\"https:\/\/secure.gravatar.com\/avatar\/8df2005a06e8a76058ed9c07f50a3e0c91b962f00190fdbc16a7a294724ca100?s=96&d=mm&r=g\",\"contentUrl\":\"https:\/\/secure.gravatar.com\/avatar\/8df2005a06e8a76058ed9c07f50a3e0c91b962f00190fdbc16a7a294724ca100?s=96&d=mm&r=g\",\"caption\":\"Aurelia Windsor\"},\"sameAs\":[\"https:\/\/www.reelshort.com\/\"],\"url\":\"https:\/\/www.reelshort.com\/es\/fandom\/author\/aurelia-windsor\/\"}]}<\/script>\n<!-- \/ Yoast SEO plugin. -->","yoast_head_json":{"title":"\u00bfD\u00f3nde Ver El Regreso del Sabio Doblado? \u2013 La emocionante fantas\u00eda m\u00edstica de vampiros y lic\u00e1ntropos - ReelShort Fandom En Espa\u00f1ol","description":"Una guerra colosal est\u00e1 por comenzar. De un lado, el se\u00f1or de los vampiros y del otro el guerrero legendario de los hombres lobo \u00bfQui\u00e9n ser\u00e1 el \u00faltimo en quedar en pie?","robots":{"index":"index","follow":"follow","max-snippet":"max-snippet:-1","max-image-preview":"max-image-preview:large","max-video-preview":"max-video-preview:-1"},"canonical":"https:\/\/www.reelshort.com\/es\/fandom\/el-regreso-del-sabio-doblado-015-1-1e-1e\/","og_locale":"es_ES","og_type":"article","og_title":"\u00bfD\u00f3nde Ver El Regreso del Sabio Doblado? \u2013 La emocionante fantas\u00eda m\u00edstica de vampiros y lic\u00e1ntropos - ReelShort Fandom En Espa\u00f1ol","og_description":"Una guerra colosal est\u00e1 por comenzar. De un lado, el se\u00f1or de los vampiros y del otro el guerrero legendario de los hombres lobo \u00bfQui\u00e9n ser\u00e1 el \u00faltimo en quedar en pie?","og_url":"https:\/\/www.reelshort.com\/es\/fandom\/el-regreso-del-sabio-doblado-015-1-1e-1e\/","og_site_name":"ReelShort Fandom En Espa\u00f1ol","article_published_time":"2026-09-02T02:15:03+00:00","article_modified_time":"2026-09-02T02:15:13+00:00","og_image":[{"width":600,"height":400,"url":"https:\/\/www.reelshort.com\/es\/fandom\/wp-content\/uploads\/2026\/09\/el-regreso-del-sabio-donde-ver-05.png","type":"image\/png"}],"author":"Aurelia Windsor","twitter_card":"summary_large_image","twitter_misc":{"Escrito por":"Aurelia Windsor","Tiempo de lectura":"9 minutos"},"schema":{"@context":"https:\/\/schema.org","@graph":[{"@type":"WebPage","@id":"https:\/\/www.reelshort.com\/es\/fandom\/el-regreso-del-sabio-doblado-015-1-1e-1e\/","url":"https:\/\/www.reelshort.com\/es\/fandom\/el-regreso-del-sabio-doblado-015-1-1e-1e\/","name":"\u00bfD\u00f3nde Ver El Regreso del Sabio Doblado? \u2013 La emocionante fantas\u00eda m\u00edstica de vampiros y lic\u00e1ntropos - ReelShort Fandom En Espa\u00f1ol","isPartOf":{"@id":"https:\/\/www.reelshort.com\/es\/fandom\/#website"},"primaryImageOfPage":{"@id":"https:\/\/www.reelshort.com\/es\/fandom\/el-regreso-del-sabio-doblado-015-1-1e-1e\/#primaryimage"},"image":{"@id":"https:\/\/www.reelshort.com\/es\/fandom\/el-regreso-del-sabio-doblado-015-1-1e-1e\/#primaryimage"},"thumbnailUrl":"https:\/\/www.reelshort.com\/es\/fandom\/wp-content\/uploads\/2026\/09\/el-regreso-del-sabio-donde-ver-05.png","datePublished":"2026-09-02T02:15:03+00:00","dateModified":"2026-09-02T02:15:13+00:00","author":{"@id":"https:\/\/www.reelshort.com\/es\/fandom\/#\/schema\/person\/df702e0befecf536c08c3a534aa9fbb2"},"description":"Una guerra colosal est\u00e1 por comenzar. De un lado, el se\u00f1or de los vampiros y del otro el guerrero legendario de los hombres lobo \u00bfQui\u00e9n ser\u00e1 el \u00faltimo en quedar en pie?","breadcrumb":{"@id":"https:\/\/www.reelshort.com\/es\/fandom\/el-regreso-del-sabio-doblado-015-1-1e-1e\/#breadcrumb"},"inLanguage":"es","potentialAction":[{"@type":"ReadAction","target":["https:\/\/www.reelshort.com\/es\/fandom\/el-regreso-del-sabio-doblado-015-1-1e-1e\/"]}]},{"@type":"ImageObject","inLanguage":"es","@id":"https:\/\/www.reelshort.com\/es\/fandom\/el-regreso-del-sabio-doblado-015-1-1e-1e\/#primaryimage","url":"https:\/\/www.reelshort.com\/es\/fandom\/wp-content\/uploads\/2026\/09\/el-regreso-del-sabio-donde-ver-05.png","contentUrl":"https:\/\/www.reelshort.com\/es\/fandom\/wp-content\/uploads\/2026\/09\/el-regreso-del-sabio-donde-ver-05.png","width":600,"height":400,"caption":"el regreso del sabio doblado"},{"@type":"BreadcrumbList","@id":"https:\/\/www.reelshort.com\/es\/fandom\/el-regreso-del-sabio-doblado-015-1-1e-1e\/#breadcrumb","itemListElement":[{"@type":"ListItem","position":1,"name":"Home","item":"https:\/\/www.reelshort.com\/es\/fandom\/"},{"@type":"ListItem","position":2,"name":"\u00bfD\u00f3nde Ver El Regreso del Sabio Doblado? \u2013 La emocionante fantas\u00eda m\u00edstica de vampiros y lic\u00e1ntropos"}]},{"@type":"WebSite","@id":"https:\/\/www.reelshort.com\/es\/fandom\/#website","url":"https:\/\/www.reelshort.com\/es\/fandom\/","name":"ReelShort Fandom En Espa\u00f1ol","description":"Para satisfacer toda la curiosidad de los cin\u00e9filos","potentialAction":[{"@type":"SearchAction","target":{"@type":"EntryPoint","urlTemplate":"https:\/\/www.reelshort.com\/es\/fandom\/?s={search_term_string}"},"query-input":{"@type":"PropertyValueSpecification","valueRequired":true,"valueName":"search_term_string"}}],"inLanguage":"es"},{"@type":"Person","@id":"https:\/\/www.reelshort.com\/es\/fandom\/#\/schema\/person\/df702e0befecf536c08c3a534aa9fbb2","name":"Aurelia Windsor","image":{"@type":"ImageObject","inLanguage":"es","@id":"https:\/\/www.reelshort.com\/es\/fandom\/#\/schema\/person\/image\/","url":"https:\/\/secure.gravatar.com\/avatar\/8df2005a06e8a76058ed9c07f50a3e0c91b962f00190fdbc16a7a294724ca100?s=96&d=mm&r=g","contentUrl":"https:\/\/secure.gravatar.com\/avatar\/8df2005a06e8a76058ed9c07f50a3e0c91b962f00190fdbc16a7a294724ca100?s=96&d=mm&r=g","caption":"Aurelia Windsor"},"sameAs":["https:\/\/www.reelshort.com\/"],"url":"https:\/\/www.reelshort.com\/es\/fandom\/author\/aurelia-windsor\/"}]}},"_links":{"self":[{"href":"https:\/\/www.reelshort.com\/es\/fandom\/wp-json\/wp\/v2\/posts\/8291","targetHints":{"allow":["GET"]}}],"collection":[{"href":"https:\/\/www.reelshort.com\/es\/fandom\/wp-json\/wp\/v2\/posts"}],"about":[{"href":"https:\/\/www.reelshort.com\/es\/fandom\/wp-json\/wp\/v2\/types\/post"}],"author":[{"embeddable":true,"href":"https:\/\/www.reelshort.com\/es\/fandom\/wp-json\/wp\/v2\/users\/5"}],"replies":[{"embeddable":true,"href":"https:\/\/www.reelshort.com\/es\/fandom\/wp-json\/wp\/v2\/comments?post=8291"}],"version-history":[{"count":6,"href":"https:\/\/www.reelshort.com\/es\/fandom\/wp-json\/wp\/v2\/posts\/8291\/revisions"}],"predecessor-version":[{"id":8307,"href":"https:\/\/www.reelshort.com\/es\/fandom\/wp-json\/wp\/v2\/posts\/8291\/revisions\/8307"}],"wp:featuredmedia":[{"embeddable":true,"href":"https:\/\/www.reelshort.com\/es\/fandom\/wp-json\/wp\/v2\/media\/8296"}],"wp:attachment":[{"href":"https:\/\/www.reelshort.com\/es\/fandom\/wp-json\/wp\/v2\/media?parent=8291"}],"wp:term":[{"taxonomy":"category","embeddable":true,"href":"https:\/\/www.reelshort.com\/es\/fandom\/wp-json\/wp\/v2\/categories?post=8291"},{"taxonomy":"post_tag","embeddable":true,"href":"https:\/\/www.reelshort.com\/es\/fandom\/wp-json\/wp\/v2\/tags?post=8291"}],"curies":[{"name":"wp","href":"https:\/\/api.w.org\/{rel}","templated":true}]}}