{"id":8392,"date":"2026-09-03T14:52:53","date_gmt":"2026-09-03T06:52:53","guid":{"rendered":"https:\/\/www.reelshort.com\/es\/fandom\/?p=8392"},"modified":"2026-09-03T14:53:05","modified_gmt":"2026-09-03T06:53:05","slug":"el-capo-que-me-perdio-drama-015-1-1e-1e","status":"publish","type":"post","link":"https:\/\/www.reelshort.com\/es\/fandom\/el-capo-que-me-perdio-drama-015-1-1e-1e\/","title":{"rendered":"El Capo que me Perdi\u00f3 Drama \u2013 Sum\u00e9rgete en este Romance Oscuro \u00bfLa Venganza ser\u00e1 perfecta?"},"content":{"rendered":"\n<p class=\"wp-block-paragraph\">Durante tres a\u00f1os Camille estuvo al lado de Dylan, recibiendo migajas de amor y siendo el reemplazo de su hermana Malory, un juguete con talento.<\/p>\n\n\n\n<p class=\"wp-block-paragraph\">Agotada de sus manipulaciones, decide aceptar la propuesta de un misterioso cazatalentos para mudarse a New York. Lo que no sabe es que este hombre planea hacerla su musa.<\/p>\n\n\n\n<p class=\"wp-block-paragraph\">\u00bfPodr\u00e1 sanar las heridas de su pasado y olvidar a su primer gran amor?<\/p>\n\n\n\n<p class=\"wp-block-paragraph\">Descubrelo en: <a href=\"https:\/\/www.reelshort.com\/es\/movie\/cuando-dej%C3%B3-de-perseguir-su-amor-6a8bace3c2827c562204cde5\">El Capo que me Perdi\u00f3<\/a> Drama<\/p>\n\n\n<p><iframe loading=\"lazy\" id=\"reelshort_player\" width=\"600\" height=\"400\" src=\"https:\/\/www.reelshort.com\/es\/embed\/6a8bace3c2827c562204cde5-z7c8lnhl2m?show_controls=true\" title=\"ReelShort video player\" frameBorder=\"0\" allow=\"accelerometer; autoplay; clipboard-write; encrypted-media; gyroscope; picture-in-picture; web-share\" referrerPolicy=\"strict-origin-when-cross-origin\" allowFullScreen ><\/iframe><\/p>\n\n\n<div class=\"wp-block-buttons is-layout-flex wp-block-buttons-is-layout-flex\">\n<div class=\"wp-block-button\"><a class=\"wp-block-button__link wp-element-button\" href=\"https:\/\/www.reelshort.com\/es\/episodes\/episode-1-cuando-dej%C3%B3-de-perseguir-su-amor-6a8bace3c2827c562204cde5-z7c8lnhl2m\">Ver Serie Ahora &gt;&gt;<\/a><\/div>\n<\/div>\n\n\n\n<ul class=\"wp-block-list\">\n<li><a href=\"#part1\">Parte 1: Conoce a los protagonistas de El Capo que me Perdi\u00f3 \u2013 \u00bfQu\u00e9 destino les espera?<\/a><\/li>\n\n\n\n<li><a href=\"#part2\">Parte 2: Traemos para ti el resumen de algunos de los episodios m\u00e1s emocionantes de El Capo que me Perdi\u00f3<\/a><\/li>\n\n\n\n<li><a href=\"#part3\">Parte 3: Venganza del ex: \u00bfD\u00f3nde ver El Capo que me Perdi\u00f3 la serie m\u00e1s buscada del momento?<\/a><\/li>\n\n\n\n<li><a href=\"#part4\">Parte 4: Conclusi\u00f3n<\/a><\/li>\n<\/ul>\n\n\n\n<h2 id=\"part1\" class=\"wp-block-heading\">Parte 1: Conoce a los protagonistas de El Capo que me Perdi\u00f3 \u2013 \u00bfQu\u00e9 destino les espera?<\/h2>\n\n\n\n<h3 class=\"wp-block-heading\"><a><\/a>Camille&nbsp; \u2013 Un talento magistral y una discapacidad<\/h3>\n\n\n\n<figure class=\"wp-block-image size-full is-resized\"><img loading=\"lazy\" decoding=\"async\" width=\"600\" height=\"400\" src=\"https:\/\/www.reelshort.com\/es\/fandom\/wp-content\/uploads\/2026\/09\/el-capo-que-me-perdio-completa-03.png\" alt=\"el capo que me perdio dailymotion\" class=\"wp-image-8394\" style=\"aspect-ratio:1.4857142857142858;width:597px;height:auto\" srcset=\"https:\/\/www.reelshort.com\/es\/fandom\/wp-content\/uploads\/2026\/09\/el-capo-que-me-perdio-completa-03.png 600w, https:\/\/www.reelshort.com\/es\/fandom\/wp-content\/uploads\/2026\/09\/el-capo-que-me-perdio-completa-03-300x200.png 300w\" sizes=\"auto, (max-width: 600px) 100vw, 600px\" \/><\/figure>\n\n\n\n<p class=\"wp-block-paragraph\">Camille es una mujer con incre\u00edble talento para la m\u00fasica que ha vivido marginada por una inusual discapacidad, la baja audici\u00f3n en sus o\u00eddos.<\/p>\n\n\n\n<p class=\"wp-block-paragraph\">De peque\u00f1a una infecci\u00f3n apag\u00f3 su capacidad de escuchar con claridad y trunc\u00f3 sus sue\u00f1os de convertirse en una gran pianista.<\/p>\n\n\n\n<p class=\"wp-block-paragraph\">Para su familia encontrar alg\u00fan tratamiento era una p\u00e9rdida de tiempo, por eso lo que hicieron fue dejar que su hermana ocupara su lugar.<\/p>\n\n\n\n<p class=\"wp-block-paragraph\">Camille creci\u00f3 a la sombra de Mallory, quien goz\u00f3 del apoyo, el patrocinio y el amor de unos padres que la consideraban un prodigio.<\/p>\n\n\n\n<p class=\"wp-block-paragraph\">Pero, la parte m\u00e1s cruel de la historia de esta chica comienza cuando Dylan, el chico del que estaba profundamente enamorada, se obsesiona con Mallory.<\/p>\n\n\n\n<p class=\"wp-block-paragraph\">\u00c9l deliberadamente la usa como anzuelo para despertar el inter\u00e9s de la otra chica.<\/p>\n\n\n\n<p class=\"wp-block-paragraph\">Cegada por las migajas de amor, Camille se convierte en el juguete perfecto de Dylan, la mujer con la que desahoga sus bajos instintos, pero de la que no est\u00e1 enamorado.<\/p>\n\n\n\n<p class=\"wp-block-paragraph\">\u00c9l pisotea su dignidad, la usa y le rompe el coraz\u00f3n para complacer a Mallory, demostrando que nunca tuvo sentimientos hacia ella.<\/p>\n\n\n\n<p class=\"wp-block-paragraph\">Ese es el detonante que hace que quiera recuperar su dignidad. Le toc\u00f3 entender por las malas que hab\u00eda llegado el momento de irse.<\/p>\n\n\n\n<p class=\"wp-block-paragraph\">La oportunidad perfecta se presenta cuando un reconocido productor musical, le env\u00eda una oferta de trabajo que no puede rechazar.<\/p>\n\n\n\n<h3 class=\"wp-block-heading\"><a><\/a>Dylan \u2013 El rostro de un amor corrosivo<\/h3>\n\n\n\n<figure class=\"wp-block-image size-full is-resized\"><img loading=\"lazy\" decoding=\"async\" width=\"600\" height=\"400\" src=\"https:\/\/www.reelshort.com\/es\/fandom\/wp-content\/uploads\/2026\/09\/el-capo-que-me-perdio-completa-02.png\" alt=\"El Capo que me Perdi\u00f3  serie completa\" class=\"wp-image-8401\" style=\"aspect-ratio:1.3319672131147542;width:597px;height:auto\" srcset=\"https:\/\/www.reelshort.com\/es\/fandom\/wp-content\/uploads\/2026\/09\/el-capo-que-me-perdio-completa-02.png 600w, https:\/\/www.reelshort.com\/es\/fandom\/wp-content\/uploads\/2026\/09\/el-capo-que-me-perdio-completa-02-300x200.png 300w\" sizes=\"auto, (max-width: 600px) 100vw, 600px\" \/><\/figure>\n\n\n\n<div class=\"wp-block-buttons is-layout-flex wp-block-buttons-is-layout-flex\">\n<div class=\"wp-block-button\"><a class=\"wp-block-button__link wp-element-button\" href=\"https:\/\/www.reelshort.com\/es\/episodes\/episode-1-cuando-dej%C3%B3-de-perseguir-su-amor-6a8bace3c2827c562204cde5-z7c8lnhl2m\">Ver Serie Ahora &gt;&gt;<\/a><\/div>\n<\/div>\n\n\n\n<p class=\"wp-block-paragraph\">El gal\u00e1n despreciable de esta historia es Dylan, un reconocido empresario del mundo de la m\u00fasica que durante tres a\u00f1os se ha aprovechado de la debilidad de Camille.<\/p>\n\n\n\n<p class=\"wp-block-paragraph\">Si bien en su momento la ayud\u00f3 para que ella pudiera continuar con su carrera musical, patrocinando sus estudios y parte de su tratamiento.<\/p>\n\n\n\n<p class=\"wp-block-paragraph\">No lo hizo por buen samaritano, sino para de alguna forma retorcida despertar el inter\u00e9s de Mallory, su caprichosa hermana.<\/p>\n\n\n\n<p class=\"wp-block-paragraph\">La cuesti\u00f3n es que mientras ella estuvo fuera de la ciudad estudiando piano, Dylan us\u00f3 a Camille como desahogo, durmiendo con ella y jugando con sus sentimientos.<\/p>\n\n\n\n<p class=\"wp-block-paragraph\">Aunque conoc\u00eda la profundidad de los sentimientos de la chica, no moder\u00f3 sus juegos, por el contrario, sentir que ten\u00eda poder sobre ella lo estimulaba.<\/p>\n\n\n\n<p class=\"wp-block-paragraph\">Desde su punto de vista, Camille era como un cachorrito indefenso al que pod\u00eda darle un poco de amor para despu\u00e9s espantarlo y aun as\u00ed, seguir\u00eda volviendo a su lado.<\/p>\n\n\n\n<p class=\"wp-block-paragraph\">Nunca imagin\u00f3 que esa rutina podr\u00eda volverse en su contra, hasta que Camille se present\u00f3 frente a \u00e9l acompa\u00f1ada de otro hombre.<\/p>\n\n\n\n<p class=\"wp-block-paragraph\">Aunque estaba convencido que Mallory era la mujer de sus sue\u00f1os, ver a Camille sonre\u00edr entre los brazos de un apuesto caballero le hizo hervir la sangre.<\/p>\n\n\n\n<p class=\"wp-block-paragraph\">Como todo ex novio despreciable, se da cuenta de sus errores demasiado tarde y busca entorpecer la felicidad que la chica logr\u00f3 conquistar sin \u00e9l.<\/p>\n\n\n\n<h3 class=\"wp-block-heading\"><a><\/a>Mallory \u2013 Un rostro hermoso y poco talento<\/h3>\n\n\n\n<figure class=\"wp-block-image size-full is-resized\"><img loading=\"lazy\" decoding=\"async\" width=\"600\" height=\"400\" src=\"https:\/\/www.reelshort.com\/es\/fandom\/wp-content\/uploads\/2026\/09\/el-capo-que-me-perdio-completa-05.png\" alt=\"El Capo que me Perdi\u00f3 serie\" class=\"wp-image-8396\" style=\"aspect-ratio:1.336;width:590px;height:auto\" srcset=\"https:\/\/www.reelshort.com\/es\/fandom\/wp-content\/uploads\/2026\/09\/el-capo-que-me-perdio-completa-05.png 600w, https:\/\/www.reelshort.com\/es\/fandom\/wp-content\/uploads\/2026\/09\/el-capo-que-me-perdio-completa-05-300x200.png 300w\" sizes=\"auto, (max-width: 600px) 100vw, 600px\" \/><\/figure>\n\n\n\n<p class=\"wp-block-paragraph\">El \u00faltimo v\u00e9rtice de este tri\u00e1ngulo amoroso es la famosa Mallory, la hermana despreciable de la protagonista. Una mujer hermosa pero podrida.<\/p>\n\n\n\n<p class=\"wp-block-paragraph\">Desde que tiene uso de raz\u00f3n ha enviado el talento innato de su hermana, por eso se ha dedicado a socavar sus cimientos; empe\u00f1ada en hacerla menos.<\/p>\n\n\n\n<p class=\"wp-block-paragraph\">Y no es \u00fanicamente el potencial para la m\u00fasica lo que le molesta, sino todo lo que pueda hacer que Camille sea feliz.<\/p>\n\n\n\n<p class=\"wp-block-paragraph\">Quitarle al hombre que ama la llena de un placer inexplicable. El solo hecho de restregarle en la cara que Dylan prefiere estar a su lado, es dopamina para ella.<\/p>\n\n\n\n<p class=\"wp-block-paragraph\">Se supone que Mallory es igual o m\u00e1s talentosa que Camille para tocar el piano, pero es una mentira. Carece de la magistralidad de la protagonista. De ah\u00ed su complejo de inferioridad.<\/p>\n\n\n\n<p class=\"wp-block-paragraph\">Mallory har\u00e1 todo lo que est\u00e9 a su alcance para hacer la vida de Camille miserable.<\/p>\n\n\n\n<div class=\"wp-block-buttons is-layout-flex wp-block-buttons-is-layout-flex\">\n<div class=\"wp-block-button\"><a class=\"wp-block-button__link wp-element-button\" href=\"https:\/\/www.reelshort.com\/es\/episodes\/episode-1-cuando-dej%C3%B3-de-perseguir-su-amor-6a8bace3c2827c562204cde5-z7c8lnhl2m\">Ver Serie Ahora &gt;&gt;<\/a><\/div>\n<\/div>\n\n\n\n<h2 id=\"part2\" class=\"wp-block-heading\">Parte 2: Traemos para ti el resumen de algunos de los episodios m\u00e1s emocionantes de El Capo que me Perdi\u00f3<\/h2>\n\n\n\n<h3 class=\"wp-block-heading\">Episodio 1<\/h3>\n\n\n\n<figure class=\"wp-block-image size-full is-resized\"><img loading=\"lazy\" decoding=\"async\" width=\"600\" height=\"400\" src=\"https:\/\/www.reelshort.com\/es\/fandom\/wp-content\/uploads\/2026\/09\/el-capo-que-me-perdio-completa-01.png\" alt=\"El Capo que me Perdi\u00f3 serie\" class=\"wp-image-8400\" style=\"aspect-ratio:1.5043103448275863;width:600px;height:auto\" srcset=\"https:\/\/www.reelshort.com\/es\/fandom\/wp-content\/uploads\/2026\/09\/el-capo-que-me-perdio-completa-01.png 600w, https:\/\/www.reelshort.com\/es\/fandom\/wp-content\/uploads\/2026\/09\/el-capo-que-me-perdio-completa-01-300x200.png 300w\" sizes=\"auto, (max-width: 600px) 100vw, 600px\" \/><\/figure>\n\n\n\n<p class=\"wp-block-paragraph\">Dylan y Camille comparten un momento intenso de intimidad. La chica se estremece bajo el dominio de su compa\u00f1ero.<\/p>\n\n\n\n<p class=\"wp-block-paragraph\">El momento es interrumpido por el repentino regreso de Mallory a la ciudad. Dylan desesperado obliga a Camille a esconderse en un armario, sin que le importe su claustrofobia.<\/p>\n\n\n\n<p class=\"wp-block-paragraph\">Camille entiende de la peor manera que siempre ha sido un repuesto en la vida del hombre que ama y que debe irse de su lado lo antes posible.<\/p>\n\n\n\n<h3 class=\"wp-block-heading\">Episodio 3:<\/h3>\n\n\n\n<p class=\"wp-block-paragraph\">Dylan obliga a Camille a hornear el pastel de cumplea\u00f1os de Mallory, solo para complacer los caprichos humillantes de la chica.<\/p>\n\n\n\n<p class=\"wp-block-paragraph\">En la recepci\u00f3n de bienvenida, las amistades del empresario murmuran sobre su nueva relaci\u00f3n y de c\u00f3mo ha usado como deshago a la hermana sorda de su novia.<\/p>\n\n\n\n<p class=\"wp-block-paragraph\">Mallory se enfurece al enterarse que el prestigioso productor para el que se supone deb\u00eda tocar el piano, cancel\u00f3 su visita.<\/p>\n\n\n\n<p class=\"wp-block-paragraph\">Dylan obliga a Camille a manejar la situaci\u00f3n y presentarse en su lugar. Brindandole la oportunidad de ser descubierta por el misterioso Sylus Vins.<\/p>\n\n\n\n<h3 class=\"wp-block-heading\">Episodio 5<\/h3>\n\n\n\n<figure class=\"wp-block-image size-full is-resized\"><img loading=\"lazy\" decoding=\"async\" width=\"600\" height=\"400\" src=\"https:\/\/www.reelshort.com\/es\/fandom\/wp-content\/uploads\/2026\/09\/el-capo-que-me-perdio-completa-06.png\" alt=\"\nEl Capo que me Perdi\u00f3 en espa\u00f1ol\" class=\"wp-image-8397\" style=\"aspect-ratio:1.5043103448275863;width:603px;height:auto\" srcset=\"https:\/\/www.reelshort.com\/es\/fandom\/wp-content\/uploads\/2026\/09\/el-capo-que-me-perdio-completa-06.png 600w, https:\/\/www.reelshort.com\/es\/fandom\/wp-content\/uploads\/2026\/09\/el-capo-que-me-perdio-completa-06-300x200.png 300w\" sizes=\"auto, (max-width: 600px) 100vw, 600px\" \/><\/figure>\n\n\n\n<div class=\"wp-block-buttons is-layout-flex wp-block-buttons-is-layout-flex\">\n<div class=\"wp-block-button\"><a class=\"wp-block-button__link wp-element-button\" href=\"https:\/\/www.reelshort.com\/es\/episodes\/episode-1-cuando-dej%C3%B3-de-perseguir-su-amor-6a8bace3c2827c562204cde5-z7c8lnhl2m\">Ver Serie Ahora &gt;&gt;<\/a><\/div>\n<\/div>\n\n\n\n<p class=\"wp-block-paragraph\">Camille oculta las razones de su viaje a New York, mientras para Dylan es el escape perfecto para desviar las sospechas de Mallory sobre ellos.<\/p>\n\n\n\n<p class=\"wp-block-paragraph\">Pero cuando los planes para el concierto que ha esperado toda su vida est\u00e1n frente a ella, las dudas sobre su decisi\u00f3n es la correcta la invaden por un momento.<\/p>\n\n\n\n<p class=\"wp-block-paragraph\">Emocionado por la respuesta positiva de Camille, Sylus confiesa sus intenciones de convertirla en su musa y comienza a mover los hilos para estar cerca de ella.<\/p>\n\n\n\n<h3 class=\"wp-block-heading\">Episodio 8<\/h3>\n\n\n\n<p class=\"wp-block-paragraph\">Camille teme que las afirmaciones imprudentes de Mallory sobre la autor\u00eda de una pieza musical genere conflictos con el compositor original.<\/p>\n\n\n\n<p class=\"wp-block-paragraph\">La discusi\u00f3n escala de nivel y Mallory no pierde la oportunidad de echarle en cara a Camille su posici\u00f3n privilegiada.<\/p>\n\n\n\n<p class=\"wp-block-paragraph\">Un hermoso ramo de flores rojas es enviado por un misterioso pretendiente a Camille, provocando los celos de Dylan y empeorando la envidia de Mallory.<\/p>\n\n\n\n<h3 class=\"wp-block-heading\">Episodio 11<\/h3>\n\n\n\n<p class=\"wp-block-paragraph\">Mallory sospecha que Dylan est\u00e1 incomodo por el supuesto novio de Camille y lo confronta, pero este niega rotundamente sentirse afectado.<\/p>\n\n\n\n<p class=\"wp-block-paragraph\">La verdad es que en el fondo el empresario es consumido por los celos. Por su parte, Sylus est\u00e1 complacido de ver la resoluci\u00f3n de Camille de mudarse a New York.<\/p>\n\n\n\n<p class=\"wp-block-paragraph\">Ha llegado el momento m\u00e1s esperado para la pianista, la libertad de comenzar una nueva vida deja de ser un sue\u00f1o para convertirse en realidad.<\/p>\n\n\n\n<h2 id=\"part3\" class=\"wp-block-heading\">Parte 3: Venganza del ex: \u00bfD\u00f3nde ver El Capo que me Perdi\u00f3 la serie m\u00e1s buscada del momento?<\/h2>\n\n\n\n<figure class=\"wp-block-image size-full is-resized\"><img loading=\"lazy\" decoding=\"async\" width=\"600\" height=\"400\" src=\"https:\/\/www.reelshort.com\/es\/fandom\/wp-content\/uploads\/2026\/09\/el-capo-que-me-perdio-completa-08.png\" alt=\"El Capo que me Perdi\u00f3 pel\u00edcula completa en espa\u00f1ol\" class=\"wp-image-8399\" style=\"aspect-ratio:1.2589285714285714;width:595px;height:auto\" srcset=\"https:\/\/www.reelshort.com\/es\/fandom\/wp-content\/uploads\/2026\/09\/el-capo-que-me-perdio-completa-08.png 600w, https:\/\/www.reelshort.com\/es\/fandom\/wp-content\/uploads\/2026\/09\/el-capo-que-me-perdio-completa-08-300x200.png 300w\" sizes=\"auto, (max-width: 600px) 100vw, 600px\" \/><\/figure>\n\n\n\n<div class=\"wp-block-buttons is-layout-flex wp-block-buttons-is-layout-flex\">\n<div class=\"wp-block-button\"><a class=\"wp-block-button__link wp-element-button\" href=\"https:\/\/www.reelshort.com\/es\/episodes\/episode-1-cuando-dej%C3%B3-de-perseguir-su-amor-6a8bace3c2827c562204cde5-z7c8lnhl2m\">Ver Serie Ahora &gt;&gt;<\/a><\/div>\n<\/div>\n\n\n\n<p class=\"wp-block-paragraph\">El Capo que me Perdi\u00f3, es una historia de romance oscuro que sigue el drama de Camille y su relaci\u00f3n t\u00f3xica con el hombre que ha amado desde joven.<\/p>\n\n\n\n<p class=\"wp-block-paragraph\">De seguro, ya te has encontrado con alg\u00fan video corto de esta serie mientras navegas por&nbsp; internet y deseas saber d\u00f3nde encontrarla completa.<\/p>\n\n\n\n<p class=\"wp-block-paragraph\">El conflicto de la trama est\u00e1 tan bien logrado, que es imposible no sentir la necesidad de saber cu\u00e1l ser\u00e1 el destino de los personajes.<\/p>\n\n\n\n<p class=\"wp-block-paragraph\">Adem\u00e1s, queremos ver a Dylan morder el polvo, despu\u00e9s de haber sido tan cruel.<\/p>\n\n\n\n<p class=\"wp-block-paragraph\">Esta serie est\u00e1 disponible completa en <a href=\"https:\/\/www.reelshort.com\/es\/tags\/movie-identities\">Reelshort<\/a> y puedes encontrarla m\u00e1s f\u00e1cil con el nombre de: <a href=\"https:\/\/www.reelshort.com\/es\/full-episodes\/cuando-dej%C3%B3-de-perseguir-su-amor-6a8bace3c2827c562204cde5\">Cuando dej\u00f3 de perseguir su amor<\/a>.<\/p>\n\n\n\n<p class=\"wp-block-paragraph\">Por otro lado, la presencia de Sylus es un enigma delicioso que queremos descifrar. Este personaje es la clase de gal\u00e1n que nos enloquece.<\/p>\n\n\n\n<p class=\"wp-block-paragraph\">\u00bfQue sorpresas le esperan a Camille en su nueva vida en New York? \u00bfAcaso se dar\u00e1 la oportunidad de dejarse amar por Sylus?<\/p>\n\n\n\n<p class=\"wp-block-paragraph\">Por otro lado, \u00bfComo reaccionar\u00e1 Mallory cuando descubra que la hermana a la que tanto odia es la musa del productor mas prestigioso del pa\u00eds?<\/p>\n\n\n\n<p class=\"wp-block-paragraph\">Son preguntas que necesitan una respuesta.<\/p>\n\n\n\n<h2 id=\"part4\" class=\"wp-block-heading\">Parte 4: Conclusi\u00f3n<\/h2>\n\n\n\n<figure class=\"wp-block-image size-full is-resized\"><img loading=\"lazy\" decoding=\"async\" width=\"600\" height=\"400\" src=\"https:\/\/www.reelshort.com\/es\/fandom\/wp-content\/uploads\/2026\/09\/el-capo-que-me-perdio-completa-04.png\" alt=\"El Capo que me Perdi\u00f3 personajes principales\" class=\"wp-image-8395\" style=\"width:595px;height:auto\" srcset=\"https:\/\/www.reelshort.com\/es\/fandom\/wp-content\/uploads\/2026\/09\/el-capo-que-me-perdio-completa-04.png 600w, https:\/\/www.reelshort.com\/es\/fandom\/wp-content\/uploads\/2026\/09\/el-capo-que-me-perdio-completa-04-300x200.png 300w\" sizes=\"auto, (max-width: 600px) 100vw, 600px\" \/><\/figure>\n\n\n\n<p class=\"wp-block-paragraph\">Por tres a\u00f1os Camille alberg\u00f3 la esperanza de ser amada por Dylan, eso cambi\u00f3 con el regreso de Mallory; un golpe violento de realidad.<\/p>\n\n\n\n<p class=\"wp-block-paragraph\">Despu\u00e9s de ser el juguete favorito del hombre que amaba, entiende que es momento de rehacer su vida y recuperar su dignidad.<\/p>\n\n\n\n<p class=\"wp-block-paragraph\">Gracias a la oportunidad que le ofrece el prestigioso Sylus Vins, puede convertirse en una pianista consolidada al mismo tiempo que se aleja del dolor.<\/p>\n\n\n\n<p class=\"wp-block-paragraph\">Como era de esperarse Dylan se da cuenta demasiado tarde de sus sentimientos por ella y la busca con desesperaci\u00f3n, cuando Camille ya encontr\u00f3 la felicidad.<\/p>\n\n\n\n<p class=\"wp-block-paragraph\">Sylos decidi\u00f3 convertirla en su musa \u00bfAcaso Mallory podr\u00e1 soportar la humillaci\u00f3n de saberse menos que su hermana?<\/p>\n\n\n\n<p class=\"wp-block-paragraph\">Te invito a descubrirlo, descargando la aplicaci\u00f3n de Reelshort o haciendo click en el enlace.<\/p>\n\n\n\n<div class=\"wp-block-buttons is-layout-flex wp-block-buttons-is-layout-flex\">\n<div class=\"wp-block-button\"><a class=\"wp-block-button__link wp-element-button\" href=\"https:\/\/www.reelshort.com\/es\/episodes\/episode-1-cuando-dej%C3%B3-de-perseguir-su-amor-6a8bace3c2827c562204cde5-z7c8lnhl2m\">Ver Serie Ahora &gt;&gt;<\/a><\/div>\n<\/div>\n\n\n\n<p class=\"wp-block-paragraph\"><\/p>\n","protected":false},"excerpt":{"rendered":"<p>Durante tres a\u00f1os Camille estuvo al lado de Dylan, recibiendo migajas de amor y siendo el reemplazo de su hermana [&hellip;]<\/p>\n","protected":false},"author":5,"featured_media":8398,"comment_status":"open","ping_status":"open","sticky":false,"template":"","format":"standard","meta":{"footnotes":""},"categories":[1],"tags":[],"class_list":["post-8392","post","type-post","status-publish","format-standard","has-post-thumbnail","hentry","category-temas-generales"],"yoast_head":"<!-- This site is optimized with the Yoast SEO plugin v24.0 - https:\/\/yoast.com\/wordpress\/plugins\/seo\/ -->\n<title>El Capo que me Perdi\u00f3 Drama \u2013 Sum\u00e9rgete en este Romance Oscuro \u00bfLa Venganza ser\u00e1 perfecta? - ReelShort Fandom En Espa\u00f1ol<\/title>\n<meta name=\"description\" content=\"\u00bfEres amante del Romance Oscuro? El Capo que me perdi\u00f3 es el drama que lleg\u00f3 para acelerar tu coraz\u00f3n, \u00a1qu\u00e9date y no te pierdas todos los detalles! \u00bfEmpezamos?\" \/>\n<meta name=\"robots\" content=\"index, follow, max-snippet:-1, max-image-preview:large, max-video-preview:-1\" \/>\n<link rel=\"canonical\" href=\"https:\/\/www.reelshort.com\/es\/fandom\/el-capo-que-me-perdio-drama-015-1-1e-1e\/\" \/>\n<meta property=\"og:locale\" content=\"es_ES\" \/>\n<meta property=\"og:type\" content=\"article\" \/>\n<meta property=\"og:title\" content=\"El Capo que me Perdi\u00f3 Drama \u2013 Sum\u00e9rgete en este Romance Oscuro \u00bfLa Venganza ser\u00e1 perfecta? - ReelShort Fandom En Espa\u00f1ol\" \/>\n<meta property=\"og:description\" content=\"\u00bfEres amante del Romance Oscuro? El Capo que me perdi\u00f3 es el drama que lleg\u00f3 para acelerar tu coraz\u00f3n, \u00a1qu\u00e9date y no te pierdas todos los detalles! \u00bfEmpezamos?\" \/>\n<meta property=\"og:url\" content=\"https:\/\/www.reelshort.com\/es\/fandom\/el-capo-que-me-perdio-drama-015-1-1e-1e\/\" \/>\n<meta property=\"og:site_name\" content=\"ReelShort Fandom En Espa\u00f1ol\" \/>\n<meta property=\"article:published_time\" content=\"2026-09-03T06:52:53+00:00\" \/>\n<meta property=\"article:modified_time\" content=\"2026-09-03T06:53:05+00:00\" \/>\n<meta property=\"og:image\" content=\"https:\/\/www.reelshort.com\/es\/fandom\/wp-content\/uploads\/2026\/09\/el-capo-que-me-perdio-completa-07.png\" \/>\n\t<meta property=\"og:image:width\" content=\"600\" \/>\n\t<meta property=\"og:image:height\" content=\"400\" \/>\n\t<meta property=\"og:image:type\" content=\"image\/png\" \/>\n<meta name=\"author\" content=\"Aurelia Windsor\" \/>\n<meta name=\"twitter:card\" content=\"summary_large_image\" \/>\n<meta name=\"twitter:label1\" content=\"Escrito por\" \/>\n\t<meta name=\"twitter:data1\" content=\"Aurelia Windsor\" \/>\n\t<meta name=\"twitter:label2\" content=\"Tiempo de lectura\" \/>\n\t<meta name=\"twitter:data2\" content=\"9 minutos\" \/>\n<script type=\"application\/ld+json\" class=\"yoast-schema-graph\">{\"@context\":\"https:\/\/schema.org\",\"@graph\":[{\"@type\":\"WebPage\",\"@id\":\"https:\/\/www.reelshort.com\/es\/fandom\/el-capo-que-me-perdio-drama-015-1-1e-1e\/\",\"url\":\"https:\/\/www.reelshort.com\/es\/fandom\/el-capo-que-me-perdio-drama-015-1-1e-1e\/\",\"name\":\"El Capo que me Perdi\u00f3 Drama \u2013 Sum\u00e9rgete en este Romance Oscuro \u00bfLa Venganza ser\u00e1 perfecta? - ReelShort Fandom En Espa\u00f1ol\",\"isPartOf\":{\"@id\":\"https:\/\/www.reelshort.com\/es\/fandom\/#website\"},\"primaryImageOfPage\":{\"@id\":\"https:\/\/www.reelshort.com\/es\/fandom\/el-capo-que-me-perdio-drama-015-1-1e-1e\/#primaryimage\"},\"image\":{\"@id\":\"https:\/\/www.reelshort.com\/es\/fandom\/el-capo-que-me-perdio-drama-015-1-1e-1e\/#primaryimage\"},\"thumbnailUrl\":\"https:\/\/www.reelshort.com\/es\/fandom\/wp-content\/uploads\/2026\/09\/el-capo-que-me-perdio-completa-07.png\",\"datePublished\":\"2026-09-03T06:52:53+00:00\",\"dateModified\":\"2026-09-03T06:53:05+00:00\",\"author\":{\"@id\":\"https:\/\/www.reelshort.com\/es\/fandom\/#\/schema\/person\/df702e0befecf536c08c3a534aa9fbb2\"},\"description\":\"\u00bfEres amante del Romance Oscuro? El Capo que me perdi\u00f3 es el drama que lleg\u00f3 para acelerar tu coraz\u00f3n, \u00a1qu\u00e9date y no te pierdas todos los detalles! \u00bfEmpezamos?\",\"breadcrumb\":{\"@id\":\"https:\/\/www.reelshort.com\/es\/fandom\/el-capo-que-me-perdio-drama-015-1-1e-1e\/#breadcrumb\"},\"inLanguage\":\"es\",\"potentialAction\":[{\"@type\":\"ReadAction\",\"target\":[\"https:\/\/www.reelshort.com\/es\/fandom\/el-capo-que-me-perdio-drama-015-1-1e-1e\/\"]}]},{\"@type\":\"ImageObject\",\"inLanguage\":\"es\",\"@id\":\"https:\/\/www.reelshort.com\/es\/fandom\/el-capo-que-me-perdio-drama-015-1-1e-1e\/#primaryimage\",\"url\":\"https:\/\/www.reelshort.com\/es\/fandom\/wp-content\/uploads\/2026\/09\/el-capo-que-me-perdio-completa-07.png\",\"contentUrl\":\"https:\/\/www.reelshort.com\/es\/fandom\/wp-content\/uploads\/2026\/09\/el-capo-que-me-perdio-completa-07.png\",\"width\":600,\"height\":400,\"caption\":\"El Capo que me Perdi\u00f3 drama\"},{\"@type\":\"BreadcrumbList\",\"@id\":\"https:\/\/www.reelshort.com\/es\/fandom\/el-capo-que-me-perdio-drama-015-1-1e-1e\/#breadcrumb\",\"itemListElement\":[{\"@type\":\"ListItem\",\"position\":1,\"name\":\"Home\",\"item\":\"https:\/\/www.reelshort.com\/es\/fandom\/\"},{\"@type\":\"ListItem\",\"position\":2,\"name\":\"El Capo que me Perdi\u00f3 Drama \u2013 Sum\u00e9rgete en este Romance Oscuro \u00bfLa Venganza ser\u00e1 perfecta?\"}]},{\"@type\":\"WebSite\",\"@id\":\"https:\/\/www.reelshort.com\/es\/fandom\/#website\",\"url\":\"https:\/\/www.reelshort.com\/es\/fandom\/\",\"name\":\"ReelShort Fandom En Espa\u00f1ol\",\"description\":\"Para satisfacer toda la curiosidad de los cin\u00e9filos\",\"potentialAction\":[{\"@type\":\"SearchAction\",\"target\":{\"@type\":\"EntryPoint\",\"urlTemplate\":\"https:\/\/www.reelshort.com\/es\/fandom\/?s={search_term_string}\"},\"query-input\":{\"@type\":\"PropertyValueSpecification\",\"valueRequired\":true,\"valueName\":\"search_term_string\"}}],\"inLanguage\":\"es\"},{\"@type\":\"Person\",\"@id\":\"https:\/\/www.reelshort.com\/es\/fandom\/#\/schema\/person\/df702e0befecf536c08c3a534aa9fbb2\",\"name\":\"Aurelia Windsor\",\"image\":{\"@type\":\"ImageObject\",\"inLanguage\":\"es\",\"@id\":\"https:\/\/www.reelshort.com\/es\/fandom\/#\/schema\/person\/image\/\",\"url\":\"https:\/\/secure.gravatar.com\/avatar\/8df2005a06e8a76058ed9c07f50a3e0c91b962f00190fdbc16a7a294724ca100?s=96&d=mm&r=g\",\"contentUrl\":\"https:\/\/secure.gravatar.com\/avatar\/8df2005a06e8a76058ed9c07f50a3e0c91b962f00190fdbc16a7a294724ca100?s=96&d=mm&r=g\",\"caption\":\"Aurelia Windsor\"},\"sameAs\":[\"https:\/\/www.reelshort.com\/\"],\"url\":\"https:\/\/www.reelshort.com\/es\/fandom\/author\/aurelia-windsor\/\"}]}<\/script>\n<!-- \/ Yoast SEO plugin. -->","yoast_head_json":{"title":"El Capo que me Perdi\u00f3 Drama \u2013 Sum\u00e9rgete en este Romance Oscuro \u00bfLa Venganza ser\u00e1 perfecta? - ReelShort Fandom En Espa\u00f1ol","description":"\u00bfEres amante del Romance Oscuro? El Capo que me perdi\u00f3 es el drama que lleg\u00f3 para acelerar tu coraz\u00f3n, \u00a1qu\u00e9date y no te pierdas todos los detalles! \u00bfEmpezamos?","robots":{"index":"index","follow":"follow","max-snippet":"max-snippet:-1","max-image-preview":"max-image-preview:large","max-video-preview":"max-video-preview:-1"},"canonical":"https:\/\/www.reelshort.com\/es\/fandom\/el-capo-que-me-perdio-drama-015-1-1e-1e\/","og_locale":"es_ES","og_type":"article","og_title":"El Capo que me Perdi\u00f3 Drama \u2013 Sum\u00e9rgete en este Romance Oscuro \u00bfLa Venganza ser\u00e1 perfecta? - ReelShort Fandom En Espa\u00f1ol","og_description":"\u00bfEres amante del Romance Oscuro? El Capo que me perdi\u00f3 es el drama que lleg\u00f3 para acelerar tu coraz\u00f3n, \u00a1qu\u00e9date y no te pierdas todos los detalles! \u00bfEmpezamos?","og_url":"https:\/\/www.reelshort.com\/es\/fandom\/el-capo-que-me-perdio-drama-015-1-1e-1e\/","og_site_name":"ReelShort Fandom En Espa\u00f1ol","article_published_time":"2026-09-03T06:52:53+00:00","article_modified_time":"2026-09-03T06:53:05+00:00","og_image":[{"width":600,"height":400,"url":"https:\/\/www.reelshort.com\/es\/fandom\/wp-content\/uploads\/2026\/09\/el-capo-que-me-perdio-completa-07.png","type":"image\/png"}],"author":"Aurelia Windsor","twitter_card":"summary_large_image","twitter_misc":{"Escrito por":"Aurelia Windsor","Tiempo de lectura":"9 minutos"},"schema":{"@context":"https:\/\/schema.org","@graph":[{"@type":"WebPage","@id":"https:\/\/www.reelshort.com\/es\/fandom\/el-capo-que-me-perdio-drama-015-1-1e-1e\/","url":"https:\/\/www.reelshort.com\/es\/fandom\/el-capo-que-me-perdio-drama-015-1-1e-1e\/","name":"El Capo que me Perdi\u00f3 Drama \u2013 Sum\u00e9rgete en este Romance Oscuro \u00bfLa Venganza ser\u00e1 perfecta? - ReelShort Fandom En Espa\u00f1ol","isPartOf":{"@id":"https:\/\/www.reelshort.com\/es\/fandom\/#website"},"primaryImageOfPage":{"@id":"https:\/\/www.reelshort.com\/es\/fandom\/el-capo-que-me-perdio-drama-015-1-1e-1e\/#primaryimage"},"image":{"@id":"https:\/\/www.reelshort.com\/es\/fandom\/el-capo-que-me-perdio-drama-015-1-1e-1e\/#primaryimage"},"thumbnailUrl":"https:\/\/www.reelshort.com\/es\/fandom\/wp-content\/uploads\/2026\/09\/el-capo-que-me-perdio-completa-07.png","datePublished":"2026-09-03T06:52:53+00:00","dateModified":"2026-09-03T06:53:05+00:00","author":{"@id":"https:\/\/www.reelshort.com\/es\/fandom\/#\/schema\/person\/df702e0befecf536c08c3a534aa9fbb2"},"description":"\u00bfEres amante del Romance Oscuro? El Capo que me perdi\u00f3 es el drama que lleg\u00f3 para acelerar tu coraz\u00f3n, \u00a1qu\u00e9date y no te pierdas todos los detalles! \u00bfEmpezamos?","breadcrumb":{"@id":"https:\/\/www.reelshort.com\/es\/fandom\/el-capo-que-me-perdio-drama-015-1-1e-1e\/#breadcrumb"},"inLanguage":"es","potentialAction":[{"@type":"ReadAction","target":["https:\/\/www.reelshort.com\/es\/fandom\/el-capo-que-me-perdio-drama-015-1-1e-1e\/"]}]},{"@type":"ImageObject","inLanguage":"es","@id":"https:\/\/www.reelshort.com\/es\/fandom\/el-capo-que-me-perdio-drama-015-1-1e-1e\/#primaryimage","url":"https:\/\/www.reelshort.com\/es\/fandom\/wp-content\/uploads\/2026\/09\/el-capo-que-me-perdio-completa-07.png","contentUrl":"https:\/\/www.reelshort.com\/es\/fandom\/wp-content\/uploads\/2026\/09\/el-capo-que-me-perdio-completa-07.png","width":600,"height":400,"caption":"El Capo que me Perdi\u00f3 drama"},{"@type":"BreadcrumbList","@id":"https:\/\/www.reelshort.com\/es\/fandom\/el-capo-que-me-perdio-drama-015-1-1e-1e\/#breadcrumb","itemListElement":[{"@type":"ListItem","position":1,"name":"Home","item":"https:\/\/www.reelshort.com\/es\/fandom\/"},{"@type":"ListItem","position":2,"name":"El Capo que me Perdi\u00f3 Drama \u2013 Sum\u00e9rgete en este Romance Oscuro \u00bfLa Venganza ser\u00e1 perfecta?"}]},{"@type":"WebSite","@id":"https:\/\/www.reelshort.com\/es\/fandom\/#website","url":"https:\/\/www.reelshort.com\/es\/fandom\/","name":"ReelShort Fandom En Espa\u00f1ol","description":"Para satisfacer toda la curiosidad de los cin\u00e9filos","potentialAction":[{"@type":"SearchAction","target":{"@type":"EntryPoint","urlTemplate":"https:\/\/www.reelshort.com\/es\/fandom\/?s={search_term_string}"},"query-input":{"@type":"PropertyValueSpecification","valueRequired":true,"valueName":"search_term_string"}}],"inLanguage":"es"},{"@type":"Person","@id":"https:\/\/www.reelshort.com\/es\/fandom\/#\/schema\/person\/df702e0befecf536c08c3a534aa9fbb2","name":"Aurelia Windsor","image":{"@type":"ImageObject","inLanguage":"es","@id":"https:\/\/www.reelshort.com\/es\/fandom\/#\/schema\/person\/image\/","url":"https:\/\/secure.gravatar.com\/avatar\/8df2005a06e8a76058ed9c07f50a3e0c91b962f00190fdbc16a7a294724ca100?s=96&d=mm&r=g","contentUrl":"https:\/\/secure.gravatar.com\/avatar\/8df2005a06e8a76058ed9c07f50a3e0c91b962f00190fdbc16a7a294724ca100?s=96&d=mm&r=g","caption":"Aurelia Windsor"},"sameAs":["https:\/\/www.reelshort.com\/"],"url":"https:\/\/www.reelshort.com\/es\/fandom\/author\/aurelia-windsor\/"}]}},"_links":{"self":[{"href":"https:\/\/www.reelshort.com\/es\/fandom\/wp-json\/wp\/v2\/posts\/8392","targetHints":{"allow":["GET"]}}],"collection":[{"href":"https:\/\/www.reelshort.com\/es\/fandom\/wp-json\/wp\/v2\/posts"}],"about":[{"href":"https:\/\/www.reelshort.com\/es\/fandom\/wp-json\/wp\/v2\/types\/post"}],"author":[{"embeddable":true,"href":"https:\/\/www.reelshort.com\/es\/fandom\/wp-json\/wp\/v2\/users\/5"}],"replies":[{"embeddable":true,"href":"https:\/\/www.reelshort.com\/es\/fandom\/wp-json\/wp\/v2\/comments?post=8392"}],"version-history":[{"count":5,"href":"https:\/\/www.reelshort.com\/es\/fandom\/wp-json\/wp\/v2\/posts\/8392\/revisions"}],"predecessor-version":[{"id":8406,"href":"https:\/\/www.reelshort.com\/es\/fandom\/wp-json\/wp\/v2\/posts\/8392\/revisions\/8406"}],"wp:featuredmedia":[{"embeddable":true,"href":"https:\/\/www.reelshort.com\/es\/fandom\/wp-json\/wp\/v2\/media\/8398"}],"wp:attachment":[{"href":"https:\/\/www.reelshort.com\/es\/fandom\/wp-json\/wp\/v2\/media?parent=8392"}],"wp:term":[{"taxonomy":"category","embeddable":true,"href":"https:\/\/www.reelshort.com\/es\/fandom\/wp-json\/wp\/v2\/categories?post=8392"},{"taxonomy":"post_tag","embeddable":true,"href":"https:\/\/www.reelshort.com\/es\/fandom\/wp-json\/wp\/v2\/tags?post=8392"}],"curies":[{"name":"wp","href":"https:\/\/api.w.org\/{rel}","templated":true}]}}